{"id":11012,"date":"2024-11-14T08:33:43","date_gmt":"2024-11-14T07:33:43","guid":{"rendered":"https:\/\/www.interface-wien.at\/?p=11012"},"modified":"2024-11-14T08:45:44","modified_gmt":"2024-11-14T07:45:44","slug":"einblick-in-unsere-projekte-alphabetisierung-goes-poly","status":"publish","type":"post","link":"https:\/\/www.interface-wien.at\/en\/einblick-in-unsere-projekte-alphabetisierung-goes-poly\/","title":{"rendered":"Look into our projects: Literacy goes Poly"},"content":{"rendered":"<div data-elementor-type=\"wp-post\" data-elementor-id=\"11012\" class=\"elementor elementor-11012\" data-elementor-post-type=\"post\">\n\t\t\t\t<div class=\"elementor-element elementor-element-322c31c8 e-flex e-con-boxed e-con e-parent\" data-id=\"322c31c8\" data-element_type=\"container\" data-e-type=\"container\">\n\t\t\t\t\t<div class=\"e-con-inner\">\n\t\t\t\t<div class=\"elementor-element elementor-element-53c1b536 elementor-widget elementor-widget-global elementor-global-2681 elementor-widget-breadcrumbs\" data-id=\"53c1b536\" data-element_type=\"widget\" data-e-type=\"widget\" data-widget_type=\"breadcrumbs.default\">\n\t\t\t\t<div class=\"elementor-widget-container\">\n\t\t\t\t\t<p id=\"breadcrumbs\"><span><span><a href=\"https:\/\/www.interface-wien.at\/en\/\">Interface Wien<\/a><\/span><\/span><\/p>\t\t\t\t<\/div>\n\t\t\t\t<\/div>\n\t\t\t\t\t<\/div>\n\t\t\t\t<\/div>\n\t\t<div class=\"elementor-element elementor-element-458567ac e-flex e-con-boxed e-con e-parent\" data-id=\"458567ac\" data-element_type=\"container\" data-e-type=\"container\">\n\t\t\t\t\t<div class=\"e-con-inner\">\n\t\t<div class=\"elementor-element elementor-element-6eee1cc2 e-con-full e-flex e-con e-child\" data-id=\"6eee1cc2\" data-element_type=\"container\" data-e-type=\"container\">\n\t\t\t\t<div class=\"elementor-element elementor-element-6d63f2ea elementor-widget__width-inherit elementor-widget elementor-widget-heading\" data-id=\"6d63f2ea\" data-element_type=\"widget\" data-e-type=\"widget\" data-widget_type=\"heading.default\">\n\t\t\t\t<div class=\"elementor-widget-container\">\n\t\t\t\t\t<h1 class=\"elementor-heading-title elementor-size-default\">Look into our projects: Literacy goes Poly<\/h1>\t\t\t\t<\/div>\n\t\t\t\t<\/div>\n\t\t\t\t<\/div>\n\t\t\t\t\t<\/div>\n\t\t\t\t<\/div>\n\t\t<div class=\"elementor-element elementor-element-2dc315aa e-flex e-con-boxed e-con e-parent\" data-id=\"2dc315aa\" data-element_type=\"container\" data-e-type=\"container\">\n\t\t\t\t\t<div class=\"e-con-inner\">\n\t\t<div class=\"elementor-element elementor-element-41a4094f e-con-full e-flex e-con e-child\" data-id=\"41a4094f\" data-element_type=\"container\" data-e-type=\"container\">\n\t\t\t\t<div class=\"elementor-element elementor-element-7c7c27d7 elementor-widget elementor-widget-text-editor\" data-id=\"7c7c27d7\" data-element_type=\"widget\" data-e-type=\"widget\" data-widget_type=\"text-editor.default\">\n\t\t\t\t<div class=\"elementor-widget-container\">\n\t\t\t\t\t\t\t\t\t<p>With the new school year, a new round of our <a href=\"https:\/\/www.interface-wien.at\/lernhilfe\/\">Lernhilfe courses<\/a>started at five polytechnic and vocational secondary school locations in Vienna. New: Lernhilfe Alpha courses - literacy courses for non-regular students. In 20 hours per week, second language learners and students who have little or no reading and writing skills have the opportunity to improve their knowledge of the German language.<\/p><p>The lessons take place in small groups of a maximum of 12 students and are designed to be action-oriented - excursions are also on the program. After good preparation in the course, the group from FMS\/PTS Vienna 18, for example, practiced shopping at the Kutschgermarkt - and took a trip to the Prater. The group from FMS Im Zentrum trained their fine motor skills by painting with brushes and creating pictures - with a fitting trip to the Kunsthaus Wien.<\/p>\t\t\t\t\t\t\t\t<\/div>\n\t\t\t\t<\/div>\n\t\t\t\t<\/div>\n\t\t<div class=\"elementor-element elementor-element-21f0046f e-con-full e-flex e-con e-child\" data-id=\"21f0046f\" data-element_type=\"container\" data-e-type=\"container\">\n\t\t\t\t<div class=\"elementor-element elementor-element-5837afa1 elementor-skin-carousel elementor-arrows-yes elementor-pagination-type-bullets elementor-pagination-position-outside elementor-widget elementor-widget-media-carousel\" data-id=\"5837afa1\" data-element_type=\"widget\" data-e-type=\"widget\" data-settings=\"{&quot;lazyload&quot;:&quot;yes&quot;,&quot;effect&quot;:&quot;fade&quot;,&quot;skin&quot;:&quot;carousel&quot;,&quot;show_arrows&quot;:&quot;yes&quot;,&quot;pagination&quot;:&quot;bullets&quot;,&quot;speed&quot;:500,&quot;loop&quot;:&quot;yes&quot;,&quot;space_between&quot;:{&quot;unit&quot;:&quot;px&quot;,&quot;size&quot;:10,&quot;sizes&quot;:[]},&quot;space_between_tablet&quot;:{&quot;unit&quot;:&quot;px&quot;,&quot;size&quot;:10,&quot;sizes&quot;:[]},&quot;space_between_mobile&quot;:{&quot;unit&quot;:&quot;px&quot;,&quot;size&quot;:10,&quot;sizes&quot;:[]}}\" data-widget_type=\"media-carousel.default\">\n\t\t\t\t<div class=\"elementor-widget-container\">\n\t\t\t\t\t\t\t\t\t<div class=\"elementor-swiper\">\n\t\t\t\t\t<div class=\"elementor-main-swiper swiper\" role=\"region\" aria-roledescription=\"carousel\" aria-label=\"Slides\">\n\t\t\t\t<div class=\"swiper-wrapper\">\n\t\t\t\t\t\t\t\t\t\t\t<div class=\"swiper-slide\" role=\"group\" aria-roledescription=\"slide\">\n\t\t\t\t\t\t\t<a href=\"https:\/\/www.interface-wien.at\/wp-content\/uploads\/2024\/11\/Foto-Schueler_innen.jpg\" data-elementor-open-lightbox=\"yes\" data-elementor-lightbox-slideshow=\"5837afa1\" data-elementor-lightbox-title=\"Foto Sch\u00fcler_innen\" data-e-action-hash=\"#elementor-action%3Aaction%3Dlightbox%26settings%3DeyJpZCI6MTEwMTksInVybCI6Imh0dHBzOlwvXC93d3cuaW50ZXJmYWNlLXdpZW4uYXRcL3dwLWNvbnRlbnRcL3VwbG9hZHNcLzIwMjRcLzExXC9Gb3RvLVNjaHVlbGVyX2lubmVuLmpwZyIsInNsaWRlc2hvdyI6IjU4MzdhZmExIn0%3D\">\t\t<div class=\"elementor-carousel-image swiper-lazy\" role=\"img\" aria-label=\"Photo Students\" data-background=\"https:\/\/www.interface-wien.at\/wp-content\/uploads\/2024\/11\/Foto-Schueler_innen.jpg\">\n\n\t\t\t\t\t\t\t<div class=\"swiper-lazy-preloader\"><\/div>\n\t\t\t\n\t\t\t\t\t<\/div>\n\t\t<\/a>\t\t\t\t\t\t<\/div>\n\t\t\t\t\t\t\t\t\t\t\t<div class=\"swiper-slide\" role=\"group\" aria-roledescription=\"slide\">\n\t\t\t\t\t\t\t<a href=\"https:\/\/www.interface-wien.at\/wp-content\/uploads\/2024\/11\/20241022_103741.jpg\" data-elementor-open-lightbox=\"yes\" data-elementor-lightbox-slideshow=\"5837afa1\" data-elementor-lightbox-title=\"20241022_103741\" data-e-action-hash=\"#elementor-action%3Aaction%3Dlightbox%26settings%3DeyJpZCI6MTEwMTYsInVybCI6Imh0dHBzOlwvXC93d3cuaW50ZXJmYWNlLXdpZW4uYXRcL3dwLWNvbnRlbnRcL3VwbG9hZHNcLzIwMjRcLzExXC8yMDI0MTAyMl8xMDM3NDEuanBnIiwic2xpZGVzaG93IjoiNTgzN2FmYTEifQ%3D%3D\">\t\t<div class=\"elementor-carousel-image swiper-lazy\" role=\"img\" aria-label=\"20241022_103741\" data-background=\"https:\/\/www.interface-wien.at\/wp-content\/uploads\/2024\/11\/20241022_103741.jpg\">\n\n\t\t\t\t\t\t\t<div class=\"swiper-lazy-preloader\"><\/div>\n\t\t\t\n\t\t\t\t\t<\/div>\n\t\t<\/a>\t\t\t\t\t\t<\/div>\n\t\t\t\t\t\t\t\t\t\t\t<div class=\"swiper-slide\" role=\"group\" aria-roledescription=\"slide\">\n\t\t\t\t\t\t\t<a href=\"https:\/\/www.interface-wien.at\/wp-content\/uploads\/2024\/11\/20241022_103519.jpg\" data-elementor-open-lightbox=\"yes\" data-elementor-lightbox-slideshow=\"5837afa1\" data-elementor-lightbox-title=\"20241022_103519\" data-e-action-hash=\"#elementor-action%3Aaction%3Dlightbox%26settings%3DeyJpZCI6MTEwMTUsInVybCI6Imh0dHBzOlwvXC93d3cuaW50ZXJmYWNlLXdpZW4uYXRcL3dwLWNvbnRlbnRcL3VwbG9hZHNcLzIwMjRcLzExXC8yMDI0MTAyMl8xMDM1MTkuanBnIiwic2xpZGVzaG93IjoiNTgzN2FmYTEifQ%3D%3D\">\t\t<div class=\"elementor-carousel-image swiper-lazy\" role=\"img\" aria-label=\"20241022_103519\" data-background=\"https:\/\/www.interface-wien.at\/wp-content\/uploads\/2024\/11\/20241022_103519.jpg\">\n\n\t\t\t\t\t\t\t<div class=\"swiper-lazy-preloader\"><\/div>\n\t\t\t\n\t\t\t\t\t<\/div>\n\t\t<\/a>\t\t\t\t\t\t<\/div>\n\t\t\t\t\t\t\t\t\t\t\t<div class=\"swiper-slide\" role=\"group\" aria-roledescription=\"slide\">\n\t\t\t\t\t\t\t<a href=\"https:\/\/www.interface-wien.at\/wp-content\/uploads\/2024\/11\/Foto4-Ausflug-1.jpg\" data-elementor-open-lightbox=\"yes\" data-elementor-lightbox-slideshow=\"5837afa1\" data-elementor-lightbox-title=\"Foto4 Ausflug\" data-e-action-hash=\"#elementor-action%3Aaction%3Dlightbox%26settings%3DeyJpZCI6MTEwMjAsInVybCI6Imh0dHBzOlwvXC93d3cuaW50ZXJmYWNlLXdpZW4uYXRcL3dwLWNvbnRlbnRcL3VwbG9hZHNcLzIwMjRcLzExXC9Gb3RvNC1BdXNmbHVnLTEuanBnIiwic2xpZGVzaG93IjoiNTgzN2FmYTEifQ%3D%3D\">\t\t<div class=\"elementor-carousel-image swiper-lazy\" role=\"img\" aria-label=\"Photo4 Excursion\" data-background=\"https:\/\/www.interface-wien.at\/wp-content\/uploads\/2024\/11\/Foto4-Ausflug-1.jpg\">\n\n\t\t\t\t\t\t\t<div class=\"swiper-lazy-preloader\"><\/div>\n\t\t\t\n\t\t\t\t\t<\/div>\n\t\t<\/a>\t\t\t\t\t\t<\/div>\n\t\t\t\t\t\t\t\t\t\t\t<div class=\"swiper-slide\" role=\"group\" aria-roledescription=\"slide\">\n\t\t\t\t\t\t\t<a href=\"https:\/\/www.interface-wien.at\/wp-content\/uploads\/2024\/11\/Foto3-Ausflug.jpg\" data-elementor-open-lightbox=\"yes\" data-elementor-lightbox-slideshow=\"5837afa1\" data-elementor-lightbox-title=\"Foto3 Ausflug\" data-e-action-hash=\"#elementor-action%3Aaction%3Dlightbox%26settings%3DeyJpZCI6MTEwMTQsInVybCI6Imh0dHBzOlwvXC93d3cuaW50ZXJmYWNlLXdpZW4uYXRcL3dwLWNvbnRlbnRcL3VwbG9hZHNcLzIwMjRcLzExXC9Gb3RvMy1BdXNmbHVnLmpwZyIsInNsaWRlc2hvdyI6IjU4MzdhZmExIn0%3D\">\t\t<div class=\"elementor-carousel-image swiper-lazy\" role=\"img\" aria-label=\"Photo3 Excursion\" data-background=\"https:\/\/www.interface-wien.at\/wp-content\/uploads\/2024\/11\/Foto3-Ausflug.jpg\">\n\n\t\t\t\t\t\t\t<div class=\"swiper-lazy-preloader\"><\/div>\n\t\t\t\n\t\t\t\t\t<\/div>\n\t\t<\/a>\t\t\t\t\t\t<\/div>\n\t\t\t\t\t\t\t\t\t\t\t<div class=\"swiper-slide\" role=\"group\" aria-roledescription=\"slide\">\n\t\t\t\t\t\t\t<a href=\"https:\/\/www.interface-wien.at\/wp-content\/uploads\/2024\/11\/20241024_112925.jpg\" data-elementor-open-lightbox=\"yes\" data-elementor-lightbox-slideshow=\"5837afa1\" data-elementor-lightbox-title=\"20241024_112925\" data-e-action-hash=\"#elementor-action%3Aaction%3Dlightbox%26settings%3DeyJpZCI6MTEwMTgsInVybCI6Imh0dHBzOlwvXC93d3cuaW50ZXJmYWNlLXdpZW4uYXRcL3dwLWNvbnRlbnRcL3VwbG9hZHNcLzIwMjRcLzExXC8yMDI0MTAyNF8xMTI5MjUuanBnIiwic2xpZGVzaG93IjoiNTgzN2FmYTEifQ%3D%3D\">\t\t<div class=\"elementor-carousel-image swiper-lazy\" role=\"img\" aria-label=\"20241024_112925\" data-background=\"https:\/\/www.interface-wien.at\/wp-content\/uploads\/2024\/11\/20241024_112925.jpg\">\n\n\t\t\t\t\t\t\t<div class=\"swiper-lazy-preloader\"><\/div>\n\t\t\t\n\t\t\t\t\t<\/div>\n\t\t<\/a>\t\t\t\t\t\t<\/div>\n\t\t\t\t\t\t\t\t\t\t\t<div class=\"swiper-slide\" role=\"group\" aria-roledescription=\"slide\">\n\t\t\t\t\t\t\t<a href=\"https:\/\/www.interface-wien.at\/wp-content\/uploads\/2024\/11\/20241024_112905.jpg\" data-elementor-open-lightbox=\"yes\" data-elementor-lightbox-slideshow=\"5837afa1\" data-elementor-lightbox-title=\"20241024_112905\" data-e-action-hash=\"#elementor-action%3Aaction%3Dlightbox%26settings%3DeyJpZCI6MTEwMTcsInVybCI6Imh0dHBzOlwvXC93d3cuaW50ZXJmYWNlLXdpZW4uYXRcL3dwLWNvbnRlbnRcL3VwbG9hZHNcLzIwMjRcLzExXC8yMDI0MTAyNF8xMTI5MDUuanBnIiwic2xpZGVzaG93IjoiNTgzN2FmYTEifQ%3D%3D\">\t\t<div class=\"elementor-carousel-image swiper-lazy\" role=\"img\" aria-label=\"20241024_112905\" data-background=\"https:\/\/www.interface-wien.at\/wp-content\/uploads\/2024\/11\/20241024_112905.jpg\">\n\n\t\t\t\t\t\t\t<div class=\"swiper-lazy-preloader\"><\/div>\n\t\t\t\n\t\t\t\t\t<\/div>\n\t\t<\/a>\t\t\t\t\t\t<\/div>\n\t\t\t\t\t\t\t\t\t<\/div>\n\t\t\t\t\t\t\t\t\t\t\t\t\t\t\t<div class=\"elementor-swiper-button elementor-swiper-button-prev\" role=\"button\" tabindex=\"0\" aria-label=\"Previous\">\n\t\t\t\t\t\t\t<i aria-hidden=\"true\" class=\"eicon-chevron-left\"><\/i>\t\t\t\t\t\t<\/div>\n\t\t\t\t\t\t<div class=\"elementor-swiper-button elementor-swiper-button-next\" role=\"button\" tabindex=\"0\" aria-label=\"Next\">\n\t\t\t\t\t\t\t<i aria-hidden=\"true\" class=\"eicon-chevron-right\"><\/i>\t\t\t\t\t\t<\/div>\n\t\t\t\t\t\t\t\t\t\t\t\t\t\t\t\t<div class=\"swiper-pagination\"><\/div>\n\t\t\t\t\t\t\t\t\t\t\t\t<\/div>\n\t\t\t\t<\/div>\n\t\t\t\t\t\t\t\t<\/div>\n\t\t\t\t<\/div>\n\t\t\t\t<\/div>\n\t\t\t\t\t<\/div>\n\t\t\t\t<\/div>\n\t\t<div class=\"elementor-element elementor-element-423a2b7b e-flex e-con-boxed e-con e-parent\" data-id=\"423a2b7b\" data-element_type=\"container\" data-e-type=\"container\" data-settings=\"{&quot;background_background&quot;:&quot;classic&quot;}\">\n\t\t\t\t\t<div class=\"e-con-inner\">\n\t\t\t\t<div class=\"elementor-element elementor-element-4353835b elementor-widget elementor-widget-post-navigation\" data-id=\"4353835b\" data-element_type=\"widget\" data-e-type=\"widget\" data-widget_type=\"post-navigation.default\">\n\t\t\t\t<div class=\"elementor-widget-container\">\n\t\t\t\t\t\t\t<div class=\"elementor-post-navigation\" role=\"navigation\" aria-label=\"Post Navigation\">\n\t\t\t<div class=\"elementor-post-navigation__prev elementor-post-navigation__link\">\n\t\t\t\t<a href=\"https:\/\/www.interface-wien.at\/en\/jugendliche-bei-atp-tennisturnier\/\" rel=\"prev\"><span class=\"post-navigation__arrow-wrapper post-navigation__arrow-prev\"><i aria-hidden=\"true\" class=\"fas fa-chevron-left\"><\/i><span class=\"elementor-screen-only\">Previous<\/span><\/span><span class=\"elementor-post-navigation__link__prev\"><span class=\"post-navigation__prev--label\">Previous post<\/span><span class=\"post-navigation__prev--title\">Youngsters at ATP tennis tournament<\/span><\/span><\/a>\t\t\t<\/div>\n\t\t\t\t\t\t<div class=\"elementor-post-navigation__next elementor-post-navigation__link\">\n\t\t\t\t<a href=\"https:\/\/www.interface-wien.at\/en\/gemma-neues-gesundheitsprojekt-der-beratungsstelle-malva\/\" rel=\"next\"><span class=\"elementor-post-navigation__link__next\"><span class=\"post-navigation__next--label\">Next post<\/span><span class=\"post-navigation__next--title\">GEMMA! New health initiative of project MALVA<\/span><\/span><span class=\"post-navigation__arrow-wrapper post-navigation__arrow-next\"><i aria-hidden=\"true\" class=\"fas fa-chevron-right\"><\/i><span class=\"elementor-screen-only\">Next<\/span><\/span><\/a>\t\t\t<\/div>\n\t\t<\/div>\n\t\t\t\t\t\t<\/div>\n\t\t\t\t<\/div>\n\t\t\t\t\t<\/div>\n\t\t\t\t<\/div>\n\t\t<div class=\"elementor-element elementor-element-4b72eed8 e-flex e-con-boxed e-con e-parent\" data-id=\"4b72eed8\" data-element_type=\"container\" data-e-type=\"container\">\n\t\t\t\t\t<div class=\"e-con-inner\">\n\t\t\t\t<div class=\"elementor-element elementor-element-4537df0c elementor-widget elementor-widget-heading\" data-id=\"4537df0c\" data-element_type=\"widget\" data-e-type=\"widget\" data-widget_type=\"heading.default\">\n\t\t\t\t<div class=\"elementor-widget-container\">\n\t\t\t\t\t<h2 class=\"elementor-heading-title elementor-size-default\">More articles<\/h2>\t\t\t\t<\/div>\n\t\t\t\t<\/div>\n\t\t\t\t<div class=\"elementor-element elementor-element-5d0a9a94 elementor-grid-tablet-3 elementor-grid-3 elementor-grid-mobile-1 elementor-posts--thumbnail-top elementor-widget elementor-widget-global elementor-global-2620 elementor-widget-posts\" data-id=\"5d0a9a94\" data-element_type=\"widget\" data-e-type=\"widget\" data-settings=\"{&quot;classic_columns_tablet&quot;:&quot;3&quot;,&quot;classic_columns&quot;:&quot;3&quot;,&quot;classic_columns_mobile&quot;:&quot;1&quot;,&quot;classic_row_gap&quot;:{&quot;unit&quot;:&quot;px&quot;,&quot;size&quot;:35,&quot;sizes&quot;:[]},&quot;classic_row_gap_tablet&quot;:{&quot;unit&quot;:&quot;px&quot;,&quot;size&quot;:&quot;&quot;,&quot;sizes&quot;:[]},&quot;classic_row_gap_mobile&quot;:{&quot;unit&quot;:&quot;px&quot;,&quot;size&quot;:&quot;&quot;,&quot;sizes&quot;:[]}}\" data-widget_type=\"posts.classic\">\n\t\t\t\t<div class=\"elementor-widget-container\">\n\t\t\t\t\t\t\t<div class=\"elementor-posts-container elementor-posts elementor-posts--skin-classic elementor-grid\" role=\"list\">\n\t\t\t\t<article class=\"elementor-post elementor-grid-item post-14799 post type-post status-publish format-standard has-post-thumbnail hentry category-news\" role=\"listitem\">\n\t\t\t\t<a class=\"elementor-post__thumbnail__link\" href=\"https:\/\/www.interface-wien.at\/en\/besuch-im-startwien-college-fachkrafte-von-morgen-im-blick\/\" tabindex=\"-1\" >\n\t\t\t<div class=\"elementor-post__thumbnail\"><img fetchpriority=\"high\" decoding=\"async\" width=\"768\" height=\"432\" src=\"https:\/\/www.interface-wien.at\/wp-content\/uploads\/2026\/04\/WhatsApp-Image-2026-04-21-at-11.23.28-768x432.jpeg\" class=\"attachment-medium_large size-medium_large wp-image-14795\" alt=\"Besuch beim StartWien College, Vizeb\u00fcrgermeisterin Bettina Emmerling und die Leiterin von MA 17 Theodora Manolakos\" srcset=\"https:\/\/www.interface-wien.at\/wp-content\/uploads\/2026\/04\/WhatsApp-Image-2026-04-21-at-11.23.28-768x432.jpeg 768w, https:\/\/www.interface-wien.at\/wp-content\/uploads\/2026\/04\/WhatsApp-Image-2026-04-21-at-11.23.28-800x450.jpeg 800w, https:\/\/www.interface-wien.at\/wp-content\/uploads\/2026\/04\/WhatsApp-Image-2026-04-21-at-11.23.28-1024x576.jpeg 1024w, https:\/\/www.interface-wien.at\/wp-content\/uploads\/2026\/04\/WhatsApp-Image-2026-04-21-at-11.23.28-400x225.jpeg 400w, https:\/\/www.interface-wien.at\/wp-content\/uploads\/2026\/04\/WhatsApp-Image-2026-04-21-at-11.23.28-1536x864.jpeg 1536w, https:\/\/www.interface-wien.at\/wp-content\/uploads\/2026\/04\/WhatsApp-Image-2026-04-21-at-11.23.28-18x10.jpeg 18w, https:\/\/www.interface-wien.at\/wp-content\/uploads\/2026\/04\/WhatsApp-Image-2026-04-21-at-11.23.28.jpeg 1920w\" sizes=\"(max-width: 768px) 100vw, 768px\" \/><\/div>\n\t\t<\/a>\n\t\t\t\t<div class=\"elementor-post__text\">\n\t\t\t\t<h3 class=\"elementor-post__title\">\n\t\t\t<a href=\"https:\/\/www.interface-wien.at\/en\/besuch-im-startwien-college-fachkrafte-von-morgen-im-blick\/\" >\n\t\t\t\tVisit to StartWien College: Focusing on tomorrow&#039;s skilled workers\t\t\t<\/a>\n\t\t<\/h3>\n\t\t\t\t<div class=\"elementor-post__excerpt\">\n\t\t\t<p>Today at StartWien College we were pleased to welcome Vienna&#039;s Deputy Mayor Bettina Emmerling and Theodora Manolakos, Head of the City of Vienna - Integration and Diversity.<\/p>\n<p class=\"translation-block\">The young participants guided the tour of the <a href=\"https:\/\/www.interface-wien.at\/en\/projekte-startwien-college\/\" target=\"_blank\" rel=\"noopener\">StartWien College<\/a> themselves, offering insights into their journeys, goals, and future plans. In doing so, it became clear what the programme is all about:  <strong data-start=\"425\" data-end=\"454\">catching up and moving ahead<\/strong>.<\/p>\n\t\t<\/div>\n\t\t\n\t\t<a class=\"elementor-post__read-more\" href=\"https:\/\/www.interface-wien.at\/en\/besuch-im-startwien-college-fachkrafte-von-morgen-im-blick\/\" aria-label=\"Read more about visiting StartWien College: Focusing on tomorrow&#039;s skilled workers\" tabindex=\"-1\" >\n\t\t\tContinue reading\t\t<\/a>\n\n\t\t\t\t<\/div>\n\t\t\t\t<\/article>\n\t\t\t\t<article class=\"elementor-post elementor-grid-item post-14761 post type-post status-publish format-standard has-post-thumbnail hentry category-news\" role=\"listitem\">\n\t\t\t\t<a class=\"elementor-post__thumbnail__link\" href=\"https:\/\/www.interface-wien.at\/en\/%f0%9d%90%85%f0%9d%90%9a%f0%9d%90%9c%f0%9d%90%a1%f0%9d%90%a5%f0%9d%90%a2%f0%9d%90%9c%f0%9d%90%a1%f0%9d%90%9e%f0%9d%90%ab-%f0%9d%90%80%f0%9d%90%ae%f0%9d%90%ac%f0%9d%90%ad%f0%9d%90%9a%f0%9d%90%ae\/\" tabindex=\"-1\" >\n\t\t\t<div class=\"elementor-post__thumbnail\"><img decoding=\"async\" width=\"768\" height=\"576\" src=\"https:\/\/www.interface-wien.at\/wp-content\/uploads\/2026\/04\/SFA-_BPI-2-768x576.jpg\" class=\"attachment-medium_large size-medium_large wp-image-14760\" alt=\"Besuch Berater*innen der Startbegleitung von Interface Wien bei dem BPI der \u00d6JAB\" srcset=\"https:\/\/www.interface-wien.at\/wp-content\/uploads\/2026\/04\/SFA-_BPI-2-768x576.jpg 768w, https:\/\/www.interface-wien.at\/wp-content\/uploads\/2026\/04\/SFA-_BPI-2-800x600.jpg 800w, https:\/\/www.interface-wien.at\/wp-content\/uploads\/2026\/04\/SFA-_BPI-2-1024x768.jpg 1024w, https:\/\/www.interface-wien.at\/wp-content\/uploads\/2026\/04\/SFA-_BPI-2-400x300.jpg 400w, https:\/\/www.interface-wien.at\/wp-content\/uploads\/2026\/04\/SFA-_BPI-2-1536x1152.jpg 1536w, https:\/\/www.interface-wien.at\/wp-content\/uploads\/2026\/04\/SFA-_BPI-2-2048x1536.jpg 2048w, https:\/\/www.interface-wien.at\/wp-content\/uploads\/2026\/04\/SFA-_BPI-2-16x12.jpg 16w\" sizes=\"(max-width: 768px) 100vw, 768px\" \/><\/div>\n\t\t<\/a>\n\t\t\t\t<div class=\"elementor-post__text\">\n\t\t\t\t<h3 class=\"elementor-post__title\">\n\t\t\t<a href=\"https:\/\/www.interface-wien.at\/en\/%f0%9d%90%85%f0%9d%90%9a%f0%9d%90%9c%f0%9d%90%a1%f0%9d%90%a5%f0%9d%90%a2%f0%9d%90%9c%f0%9d%90%a1%f0%9d%90%9e%f0%9d%90%ab-%f0%9d%90%80%f0%9d%90%ae%f0%9d%90%ac%f0%9d%90%ad%f0%9d%90%9a%f0%9d%90%ae\/\" >\n\t\t\t\tProfessional exchange strengthens consulting expertise\t\t\t<\/a>\n\t\t<\/h3>\n\t\t\t\t<div class=\"elementor-post__excerpt\">\n\t\t\t<p>Sharing knowledge, broadening perspectives, strengthening cooperation: On April 10, six social advisors from the Startbegleitung program of Interface Wien visited the training center of the Vocational Pedagogical Institute (BPI) of the \u00d6JAB.<\/p>\n\t\t<\/div>\n\t\t\n\t\t<a class=\"elementor-post__read-more\" href=\"https:\/\/www.interface-wien.at\/en\/%f0%9d%90%85%f0%9d%90%9a%f0%9d%90%9c%f0%9d%90%a1%f0%9d%90%a5%f0%9d%90%a2%f0%9d%90%9c%f0%9d%90%a1%f0%9d%90%9e%f0%9d%90%ab-%f0%9d%90%80%f0%9d%90%ae%f0%9d%90%ac%f0%9d%90%ad%f0%9d%90%9a%f0%9d%90%ae\/\" aria-label=\"Read more about Professional exchange strengthens consulting skills\" tabindex=\"-1\" >\n\t\t\tContinue reading\t\t<\/a>\n\n\t\t\t\t<\/div>\n\t\t\t\t<\/article>\n\t\t\t\t<article class=\"elementor-post elementor-grid-item post-14699 post type-post status-publish format-standard has-post-thumbnail hentry category-news\" role=\"listitem\">\n\t\t\t\t<a class=\"elementor-post__thumbnail__link\" href=\"https:\/\/www.interface-wien.at\/en\/online-anmeldung-fur-die-wiener-sommerdeutschkurse-2026-gestartet\/\" tabindex=\"-1\" >\n\t\t\t<div class=\"elementor-post__thumbnail\"><img decoding=\"async\" width=\"768\" height=\"324\" src=\"https:\/\/www.interface-wien.at\/wp-content\/uploads\/2026\/03\/SDK-ImageFoto-2026-768x324.jpg\" class=\"attachment-medium_large size-medium_large wp-image-14666\" alt=\"Sommerdeutschkurse 2026\" srcset=\"https:\/\/www.interface-wien.at\/wp-content\/uploads\/2026\/03\/SDK-ImageFoto-2026-768x324.jpg 768w, https:\/\/www.interface-wien.at\/wp-content\/uploads\/2026\/03\/SDK-ImageFoto-2026-800x337.jpg 800w, https:\/\/www.interface-wien.at\/wp-content\/uploads\/2026\/03\/SDK-ImageFoto-2026-1024x431.jpg 1024w, https:\/\/www.interface-wien.at\/wp-content\/uploads\/2026\/03\/SDK-ImageFoto-2026-400x169.jpg 400w, https:\/\/www.interface-wien.at\/wp-content\/uploads\/2026\/03\/SDK-ImageFoto-2026-1536x647.jpg 1536w, https:\/\/www.interface-wien.at\/wp-content\/uploads\/2026\/03\/SDK-ImageFoto-2026-2048x863.jpg 2048w, https:\/\/www.interface-wien.at\/wp-content\/uploads\/2026\/03\/SDK-ImageFoto-2026-18x8.jpg 18w\" sizes=\"(max-width: 768px) 100vw, 768px\" \/><\/div>\n\t\t<\/a>\n\t\t\t\t<div class=\"elementor-post__text\">\n\t\t\t\t<h3 class=\"elementor-post__title\">\n\t\t\t<a href=\"https:\/\/www.interface-wien.at\/en\/online-anmeldung-fur-die-wiener-sommerdeutschkurse-2026-gestartet\/\" >\n\t\t\t\tOnline registration for the Wiener Sommerdeutschkurse 2026 has started.\t\t\t<\/a>\n\t\t<\/h3>\n\t\t\t\t<div class=\"elementor-post__excerpt\">\n\t\t\t<p>Online registration for the Vienna Summer German Courses 2026 opened on April 1, 2026. The City of Vienna\u2019s free programme is specifically aimed at school beginners who will start primary school in Vienna in autumn 2026 as non-regular pupils.<\/p>\n\t\t<\/div>\n\t\t\n\t\t<a class=\"elementor-post__read-more\" href=\"https:\/\/www.interface-wien.at\/en\/online-anmeldung-fur-die-wiener-sommerdeutschkurse-2026-gestartet\/\" aria-label=\"Read more about the start of online registration for the Vienna summer German courses 2026.\" tabindex=\"-1\" >\n\t\t\tContinue reading\t\t<\/a>\n\n\t\t\t\t<\/div>\n\t\t\t\t<\/article>\n\t\t\t\t<\/div>\n\t\t\n\t\t\t\t\t\t<\/div>\n\t\t\t\t<\/div>\n\t\t\t\t\t<\/div>\n\t\t\t\t<\/div>\n\t\t\t\t<\/div>","protected":false},"excerpt":{"rendered":"<p>With the new school year, a new round of our Lernhilfe courses started at five polytechnic and vocational secondary school locations in Vienna. New: Lernhilfe Alpha courses - literacy courses for non-regular students.<\/p>","protected":false},"author":4,"featured_media":11029,"comment_status":"closed","ping_status":"closed","sticky":false,"template":"","format":"standard","meta":{"_acf_changed":false,"footnotes":""},"categories":[35],"tags":[],"class_list":["post-11012","post","type-post","status-publish","format-standard","has-post-thumbnail","hentry","category-news"],"acf":[],"yoast_head":"<!-- This site is optimized with the Yoast SEO plugin v26.5 - https:\/\/yoast.com\/wordpress\/plugins\/seo\/ -->\n<title>Einblick in unsere Projekte: Alphabetisierung goes Poly - Interface Wien<\/title>\n<meta name=\"robots\" content=\"index, follow, max-snippet:-1, max-image-preview:large, max-video-preview:-1\" \/>\n<link rel=\"canonical\" href=\"https:\/\/www.interface-wien.at\/en\/einblick-in-unsere-projekte-alphabetisierung-goes-poly\/\" \/>\n<meta property=\"og:locale\" content=\"en_GB\" \/>\n<meta property=\"og:type\" content=\"article\" \/>\n<meta property=\"og:title\" content=\"Einblick in unsere Projekte: Alphabetisierung goes Poly - Interface Wien\" \/>\n<meta property=\"og:description\" content=\"Mit den neuen Schuljahr startete an f\u00fcnf Schulstandorten von Polytechnischen und Fachmittelschulen in Wien ein neue Runde unserer Lernhilfe-Kurse. Neu dabei: Lernhilfe Alpha-Kurse \u2013 Alphabetisierungskurse f\u00fcr au\u00dferordentliche Sch\u00fcler*innen.\" \/>\n<meta property=\"og:url\" content=\"https:\/\/www.interface-wien.at\/en\/einblick-in-unsere-projekte-alphabetisierung-goes-poly\/\" \/>\n<meta property=\"og:site_name\" content=\"Interface Wien\" \/>\n<meta property=\"article:published_time\" content=\"2024-11-14T07:33:43+00:00\" \/>\n<meta property=\"article:modified_time\" content=\"2024-11-14T07:45:44+00:00\" \/>\n<meta property=\"og:image\" content=\"https:\/\/www.interface-wien.at\/wp-content\/uploads\/2024\/11\/Lupe_LHAlpha.jpg\" \/>\n\t<meta property=\"og:image:width\" content=\"1000\" \/>\n\t<meta property=\"og:image:height\" content=\"600\" \/>\n\t<meta property=\"og:image:type\" content=\"image\/jpeg\" \/>\n<meta name=\"author\" content=\"Olivia\" \/>\n<meta name=\"twitter:card\" content=\"summary_large_image\" \/>\n<meta name=\"twitter:label1\" content=\"Written by\" \/>\n\t<meta name=\"twitter:data1\" content=\"Olivia\" \/>\n\t<meta name=\"twitter:label2\" content=\"Estimated reading time\" \/>\n\t<meta name=\"twitter:data2\" content=\"3 minutes\" \/>\n<script type=\"application\/ld+json\" class=\"yoast-schema-graph\">{\"@context\":\"https:\/\/schema.org\",\"@graph\":[{\"@type\":\"Article\",\"@id\":\"https:\/\/www.interface-wien.at\/einblick-in-unsere-projekte-alphabetisierung-goes-poly\/#article\",\"isPartOf\":{\"@id\":\"https:\/\/www.interface-wien.at\/einblick-in-unsere-projekte-alphabetisierung-goes-poly\/\"},\"author\":{\"name\":\"Olivia\",\"@id\":\"https:\/\/www.interface-wien.at\/#\/schema\/person\/d987d37f225aa8264438a41fc04d8b6f\"},\"headline\":\"Einblick in unsere Projekte: Alphabetisierung goes Poly\",\"datePublished\":\"2024-11-14T07:33:43+00:00\",\"dateModified\":\"2024-11-14T07:45:44+00:00\",\"mainEntityOfPage\":{\"@id\":\"https:\/\/www.interface-wien.at\/einblick-in-unsere-projekte-alphabetisierung-goes-poly\/\"},\"wordCount\":148,\"publisher\":{\"@id\":\"https:\/\/www.interface-wien.at\/#organization\"},\"image\":{\"@id\":\"https:\/\/www.interface-wien.at\/einblick-in-unsere-projekte-alphabetisierung-goes-poly\/#primaryimage\"},\"thumbnailUrl\":\"https:\/\/www.interface-wien.at\/wp-content\/uploads\/2024\/11\/Lupe_LHAlpha.jpg\",\"articleSection\":[\"News\"],\"inLanguage\":\"en-GB\"},{\"@type\":\"WebPage\",\"@id\":\"https:\/\/www.interface-wien.at\/einblick-in-unsere-projekte-alphabetisierung-goes-poly\/\",\"url\":\"https:\/\/www.interface-wien.at\/einblick-in-unsere-projekte-alphabetisierung-goes-poly\/\",\"name\":\"Einblick in unsere Projekte: Alphabetisierung goes Poly - Interface Wien\",\"isPartOf\":{\"@id\":\"https:\/\/www.interface-wien.at\/#website\"},\"primaryImageOfPage\":{\"@id\":\"https:\/\/www.interface-wien.at\/einblick-in-unsere-projekte-alphabetisierung-goes-poly\/#primaryimage\"},\"image\":{\"@id\":\"https:\/\/www.interface-wien.at\/einblick-in-unsere-projekte-alphabetisierung-goes-poly\/#primaryimage\"},\"thumbnailUrl\":\"https:\/\/www.interface-wien.at\/wp-content\/uploads\/2024\/11\/Lupe_LHAlpha.jpg\",\"datePublished\":\"2024-11-14T07:33:43+00:00\",\"dateModified\":\"2024-11-14T07:45:44+00:00\",\"breadcrumb\":{\"@id\":\"https:\/\/www.interface-wien.at\/einblick-in-unsere-projekte-alphabetisierung-goes-poly\/#breadcrumb\"},\"inLanguage\":\"en-GB\",\"potentialAction\":[{\"@type\":\"ReadAction\",\"target\":[\"https:\/\/www.interface-wien.at\/einblick-in-unsere-projekte-alphabetisierung-goes-poly\/\"]}]},{\"@type\":\"ImageObject\",\"inLanguage\":\"en-GB\",\"@id\":\"https:\/\/www.interface-wien.at\/einblick-in-unsere-projekte-alphabetisierung-goes-poly\/#primaryimage\",\"url\":\"https:\/\/www.interface-wien.at\/wp-content\/uploads\/2024\/11\/Lupe_LHAlpha.jpg\",\"contentUrl\":\"https:\/\/www.interface-wien.at\/wp-content\/uploads\/2024\/11\/Lupe_LHAlpha.jpg\",\"width\":1000,\"height\":600},{\"@type\":\"BreadcrumbList\",\"@id\":\"https:\/\/www.interface-wien.at\/einblick-in-unsere-projekte-alphabetisierung-goes-poly\/#breadcrumb\",\"itemListElement\":[{\"@type\":\"ListItem\",\"position\":1,\"name\":\"Interface Wien\",\"item\":\"https:\/\/www.interface-wien.at\/\"},{\"@type\":\"ListItem\",\"position\":2,\"name\":\"Einblick in unsere Projekte: Alphabetisierung goes Poly\"}]},{\"@type\":\"WebSite\",\"@id\":\"https:\/\/www.interface-wien.at\/#website\",\"url\":\"https:\/\/www.interface-wien.at\/\",\"name\":\"Interface Wien\",\"description\":\"Ankommen begleiten - Zukunft gestalten\",\"publisher\":{\"@id\":\"https:\/\/www.interface-wien.at\/#organization\"},\"potentialAction\":[{\"@type\":\"SearchAction\",\"target\":{\"@type\":\"EntryPoint\",\"urlTemplate\":\"https:\/\/www.interface-wien.at\/?s={search_term_string}\"},\"query-input\":{\"@type\":\"PropertyValueSpecification\",\"valueRequired\":true,\"valueName\":\"search_term_string\"}}],\"inLanguage\":\"en-GB\"},{\"@type\":\"Organization\",\"@id\":\"https:\/\/www.interface-wien.at\/#organization\",\"name\":\"Interface Wien\",\"url\":\"https:\/\/www.interface-wien.at\/\",\"logo\":{\"@type\":\"ImageObject\",\"inLanguage\":\"en-GB\",\"@id\":\"https:\/\/www.interface-wien.at\/#\/schema\/logo\/image\/\",\"url\":\"https:\/\/www.interface-wien.at\/wp-content\/uploads\/2023\/12\/InterfaceWien-Logo.svg\",\"contentUrl\":\"https:\/\/www.interface-wien.at\/wp-content\/uploads\/2023\/12\/InterfaceWien-Logo.svg\",\"width\":840,\"height\":252,\"caption\":\"Interface Wien\"},\"image\":{\"@id\":\"https:\/\/www.interface-wien.at\/#\/schema\/logo\/image\/\"}},{\"@type\":\"Person\",\"@id\":\"https:\/\/www.interface-wien.at\/#\/schema\/person\/d987d37f225aa8264438a41fc04d8b6f\",\"name\":\"Olivia\",\"url\":\"https:\/\/www.interface-wien.at\/en\/author\/olivia\/\"}]}<\/script>\n<!-- \/ Yoast SEO plugin. -->","yoast_head_json":{"title":"An insight into our projects: Literacy goes Poly - Interface Vienna","robots":{"index":"index","follow":"follow","max-snippet":"max-snippet:-1","max-image-preview":"max-image-preview:large","max-video-preview":"max-video-preview:-1"},"canonical":"https:\/\/www.interface-wien.at\/en\/einblick-in-unsere-projekte-alphabetisierung-goes-poly\/","og_locale":"en_GB","og_type":"article","og_title":"Einblick in unsere Projekte: Alphabetisierung goes Poly - Interface Wien","og_description":"Mit den neuen Schuljahr startete an f\u00fcnf Schulstandorten von Polytechnischen und Fachmittelschulen in Wien ein neue Runde unserer Lernhilfe-Kurse. Neu dabei: Lernhilfe Alpha-Kurse \u2013 Alphabetisierungskurse f\u00fcr au\u00dferordentliche Sch\u00fcler*innen.","og_url":"https:\/\/www.interface-wien.at\/en\/einblick-in-unsere-projekte-alphabetisierung-goes-poly\/","og_site_name":"Interface Wien","article_published_time":"2024-11-14T07:33:43+00:00","article_modified_time":"2024-11-14T07:45:44+00:00","og_image":[{"width":1000,"height":600,"url":"https:\/\/www.interface-wien.at\/wp-content\/uploads\/2024\/11\/Lupe_LHAlpha.jpg","type":"image\/jpeg"}],"author":"Olivia","twitter_card":"summary_large_image","twitter_misc":{"Written by":"Olivia","Estimated reading time":"3 minutes"},"schema":{"@context":"https:\/\/schema.org","@graph":[{"@type":"Article","@id":"https:\/\/www.interface-wien.at\/einblick-in-unsere-projekte-alphabetisierung-goes-poly\/#article","isPartOf":{"@id":"https:\/\/www.interface-wien.at\/einblick-in-unsere-projekte-alphabetisierung-goes-poly\/"},"author":{"name":"Olivia","@id":"https:\/\/www.interface-wien.at\/#\/schema\/person\/d987d37f225aa8264438a41fc04d8b6f"},"headline":"Einblick in unsere Projekte: Alphabetisierung goes Poly","datePublished":"2024-11-14T07:33:43+00:00","dateModified":"2024-11-14T07:45:44+00:00","mainEntityOfPage":{"@id":"https:\/\/www.interface-wien.at\/einblick-in-unsere-projekte-alphabetisierung-goes-poly\/"},"wordCount":148,"publisher":{"@id":"https:\/\/www.interface-wien.at\/#organization"},"image":{"@id":"https:\/\/www.interface-wien.at\/einblick-in-unsere-projekte-alphabetisierung-goes-poly\/#primaryimage"},"thumbnailUrl":"https:\/\/www.interface-wien.at\/wp-content\/uploads\/2024\/11\/Lupe_LHAlpha.jpg","articleSection":["News"],"inLanguage":"en-GB"},{"@type":"WebPage","@id":"https:\/\/www.interface-wien.at\/einblick-in-unsere-projekte-alphabetisierung-goes-poly\/","url":"https:\/\/www.interface-wien.at\/einblick-in-unsere-projekte-alphabetisierung-goes-poly\/","name":"An insight into our projects: Literacy goes Poly - Interface Vienna","isPartOf":{"@id":"https:\/\/www.interface-wien.at\/#website"},"primaryImageOfPage":{"@id":"https:\/\/www.interface-wien.at\/einblick-in-unsere-projekte-alphabetisierung-goes-poly\/#primaryimage"},"image":{"@id":"https:\/\/www.interface-wien.at\/einblick-in-unsere-projekte-alphabetisierung-goes-poly\/#primaryimage"},"thumbnailUrl":"https:\/\/www.interface-wien.at\/wp-content\/uploads\/2024\/11\/Lupe_LHAlpha.jpg","datePublished":"2024-11-14T07:33:43+00:00","dateModified":"2024-11-14T07:45:44+00:00","breadcrumb":{"@id":"https:\/\/www.interface-wien.at\/einblick-in-unsere-projekte-alphabetisierung-goes-poly\/#breadcrumb"},"inLanguage":"en-GB","potentialAction":[{"@type":"ReadAction","target":["https:\/\/www.interface-wien.at\/einblick-in-unsere-projekte-alphabetisierung-goes-poly\/"]}]},{"@type":"ImageObject","inLanguage":"en-GB","@id":"https:\/\/www.interface-wien.at\/einblick-in-unsere-projekte-alphabetisierung-goes-poly\/#primaryimage","url":"https:\/\/www.interface-wien.at\/wp-content\/uploads\/2024\/11\/Lupe_LHAlpha.jpg","contentUrl":"https:\/\/www.interface-wien.at\/wp-content\/uploads\/2024\/11\/Lupe_LHAlpha.jpg","width":1000,"height":600},{"@type":"BreadcrumbList","@id":"https:\/\/www.interface-wien.at\/einblick-in-unsere-projekte-alphabetisierung-goes-poly\/#breadcrumb","itemListElement":[{"@type":"ListItem","position":1,"name":"Interface Wien","item":"https:\/\/www.interface-wien.at\/"},{"@type":"ListItem","position":2,"name":"Einblick in unsere Projekte: Alphabetisierung goes Poly"}]},{"@type":"WebSite","@id":"https:\/\/www.interface-wien.at\/#website","url":"https:\/\/www.interface-wien.at\/","name":"Interface Wien","description":"Accompany your arrival - shape the future","publisher":{"@id":"https:\/\/www.interface-wien.at\/#organization"},"potentialAction":[{"@type":"SearchAction","target":{"@type":"EntryPoint","urlTemplate":"https:\/\/www.interface-wien.at\/?s={search_term_string}"},"query-input":{"@type":"PropertyValueSpecification","valueRequired":true,"valueName":"search_term_string"}}],"inLanguage":"en-GB"},{"@type":"Organization","@id":"https:\/\/www.interface-wien.at\/#organization","name":"Interface Wien","url":"https:\/\/www.interface-wien.at\/","logo":{"@type":"ImageObject","inLanguage":"en-GB","@id":"https:\/\/www.interface-wien.at\/#\/schema\/logo\/image\/","url":"https:\/\/www.interface-wien.at\/wp-content\/uploads\/2023\/12\/InterfaceWien-Logo.svg","contentUrl":"https:\/\/www.interface-wien.at\/wp-content\/uploads\/2023\/12\/InterfaceWien-Logo.svg","width":840,"height":252,"caption":"Interface Wien"},"image":{"@id":"https:\/\/www.interface-wien.at\/#\/schema\/logo\/image\/"}},{"@type":"Person","@id":"https:\/\/www.interface-wien.at\/#\/schema\/person\/d987d37f225aa8264438a41fc04d8b6f","name":"Olivia","url":"https:\/\/www.interface-wien.at\/en\/author\/olivia\/"}]}},"_links":{"self":[{"href":"https:\/\/www.interface-wien.at\/en\/wp-json\/wp\/v2\/posts\/11012","targetHints":{"allow":["GET"]}}],"collection":[{"href":"https:\/\/www.interface-wien.at\/en\/wp-json\/wp\/v2\/posts"}],"about":[{"href":"https:\/\/www.interface-wien.at\/en\/wp-json\/wp\/v2\/types\/post"}],"author":[{"embeddable":true,"href":"https:\/\/www.interface-wien.at\/en\/wp-json\/wp\/v2\/users\/4"}],"replies":[{"embeddable":true,"href":"https:\/\/www.interface-wien.at\/en\/wp-json\/wp\/v2\/comments?post=11012"}],"version-history":[{"count":18,"href":"https:\/\/www.interface-wien.at\/en\/wp-json\/wp\/v2\/posts\/11012\/revisions"}],"predecessor-version":[{"id":11039,"href":"https:\/\/www.interface-wien.at\/en\/wp-json\/wp\/v2\/posts\/11012\/revisions\/11039"}],"wp:featuredmedia":[{"embeddable":true,"href":"https:\/\/www.interface-wien.at\/en\/wp-json\/wp\/v2\/media\/11029"}],"wp:attachment":[{"href":"https:\/\/www.interface-wien.at\/en\/wp-json\/wp\/v2\/media?parent=11012"}],"wp:term":[{"taxonomy":"category","embeddable":true,"href":"https:\/\/www.interface-wien.at\/en\/wp-json\/wp\/v2\/categories?post=11012"},{"taxonomy":"post_tag","embeddable":true,"href":"https:\/\/www.interface-wien.at\/en\/wp-json\/wp\/v2\/tags?post=11012"}],"curies":[{"name":"wp","href":"https:\/\/api.w.org\/{rel}","templated":true}]}}