{"id":14117,"date":"2025-09-02T15:11:39","date_gmt":"2025-09-02T13:11:39","guid":{"rendered":"https:\/\/www.interface-wien.at\/?p=14117"},"modified":"2025-09-02T15:51:06","modified_gmt":"2025-09-02T13:51:06","slug":"wenn-wissen-schutzt-mietbetrug-den-boden-entziehen","status":"publish","type":"post","link":"https:\/\/www.interface-wien.at\/en\/wenn-wissen-schutzt-mietbetrug-den-boden-entziehen\/","title":{"rendered":"When knowledge protects: Taking the sting out of rental fraud"},"content":{"rendered":"<div data-elementor-type=\"wp-post\" data-elementor-id=\"14117\" class=\"elementor elementor-14117\" data-elementor-post-type=\"post\">\n\t\t\t\t<div class=\"elementor-element elementor-element-7339d9f e-flex e-con-boxed e-con e-parent\" data-id=\"7339d9f\" data-element_type=\"container\" data-e-type=\"container\">\n\t\t\t\t\t<div class=\"e-con-inner\">\n\t\t\t\t<div class=\"elementor-element elementor-element-5ae06f60 elementor-widget elementor-widget-global elementor-global-2681 elementor-widget-breadcrumbs\" data-id=\"5ae06f60\" data-element_type=\"widget\" data-e-type=\"widget\" data-widget_type=\"breadcrumbs.default\">\n\t\t\t\t<div class=\"elementor-widget-container\">\n\t\t\t\t\t<p id=\"breadcrumbs\"><span><span><a href=\"https:\/\/www.interface-wien.at\/en\/\">Interface Wien<\/a><\/span><\/span><\/p>\t\t\t\t<\/div>\n\t\t\t\t<\/div>\n\t\t\t\t\t<\/div>\n\t\t\t\t<\/div>\n\t\t<div class=\"elementor-element elementor-element-4eb627cf e-flex e-con-boxed e-con e-parent\" data-id=\"4eb627cf\" data-element_type=\"container\" data-e-type=\"container\">\n\t\t\t\t\t<div class=\"e-con-inner\">\n\t\t<div class=\"elementor-element elementor-element-3dfd5000 e-con-full e-flex e-con e-child\" data-id=\"3dfd5000\" data-element_type=\"container\" data-e-type=\"container\">\n\t\t\t\t<div class=\"elementor-element elementor-element-3301f1cf elementor-widget__width-inherit elementor-widget elementor-widget-heading\" data-id=\"3301f1cf\" data-element_type=\"widget\" data-e-type=\"widget\" data-widget_type=\"heading.default\">\n\t\t\t\t<div class=\"elementor-widget-container\">\n\t\t\t\t\t<h1 class=\"elementor-heading-title elementor-size-default\">When knowledge protects: Taking the sting out of rental fraud<\/h1>\t\t\t\t<\/div>\n\t\t\t\t<\/div>\n\t\t\t\t<\/div>\n\t\t\t\t\t<\/div>\n\t\t\t\t<\/div>\n\t\t<div class=\"elementor-element elementor-element-60609d68 e-flex e-con-boxed e-con e-parent\" data-id=\"60609d68\" data-element_type=\"container\" data-e-type=\"container\">\n\t\t\t\t\t<div class=\"e-con-inner\">\n\t\t<div class=\"elementor-element elementor-element-50bc69f e-con-full e-flex e-con e-child\" data-id=\"50bc69f\" data-element_type=\"container\" data-e-type=\"container\">\n\t\t\t\t<div class=\"elementor-element elementor-element-7d111915 elementor-widget elementor-widget-text-editor\" data-id=\"7d111915\" data-element_type=\"widget\" data-e-type=\"widget\" data-widget_type=\"text-editor.default\">\n\t\t\t\t<div class=\"elementor-widget-container\">\n\t\t\t\t\t\t\t\t\t<p>It was more than a workshop. It was a moment in which experience became expertise. Four Interface Wien clients, together with the Startbegleitung team, designed a multilingual preventative information sheet against rental fraud. The result is not ordinary informational material, but a tool for self-empowerment: clear, accessible, and vivid.<\/p><p>In a careful, participatory process, colors were chosen, icons were coordinated, content was refined, and wording was polished. The result is an infographic that conveys legal information and everyday tips not only in an understandable but also visually appealing way: How to identify the true owner of an apartment, why bank transfers protect your money, and why photos and witnesses are more valuable than any verbal assurance during apartment handovers.<\/p><p>This workshop was more than just design\u2014it was lived participation. The voices of those affected were not only heard, but actively participated. Their perspectives became tools for prevention, their experiences guideposts. A powerful example of what empowerment can look like in practice\u2014and how concern turns into the power to act.<\/p><p><a href=\"https:\/\/www.interface-wien.at\/wp-content\/uploads\/2025\/09\/InterfaceWien_Infografik_Mietbetrug_ARDE.pdf\" target=\"_blank\" rel=\"noopener\">Click here for the information sheet<\/a>!<\/p>\t\t\t\t\t\t\t\t<\/div>\n\t\t\t\t<\/div>\n\t\t\t\t<\/div>\n\t\t<div class=\"elementor-element elementor-element-5dd8e962 e-con-full e-flex e-con e-child\" data-id=\"5dd8e962\" data-element_type=\"container\" data-e-type=\"container\">\n\t\t\t\t<div class=\"elementor-element elementor-element-6371b3ac elementor-skin-carousel elementor-arrows-yes elementor-pagination-type-bullets elementor-pagination-position-outside elementor-widget elementor-widget-media-carousel\" data-id=\"6371b3ac\" data-element_type=\"widget\" data-e-type=\"widget\" data-settings=\"{&quot;lazyload&quot;:&quot;yes&quot;,&quot;effect&quot;:&quot;fade&quot;,&quot;skin&quot;:&quot;carousel&quot;,&quot;show_arrows&quot;:&quot;yes&quot;,&quot;pagination&quot;:&quot;bullets&quot;,&quot;speed&quot;:500,&quot;loop&quot;:&quot;yes&quot;,&quot;space_between&quot;:{&quot;unit&quot;:&quot;px&quot;,&quot;size&quot;:10,&quot;sizes&quot;:[]},&quot;space_between_tablet&quot;:{&quot;unit&quot;:&quot;px&quot;,&quot;size&quot;:10,&quot;sizes&quot;:[]},&quot;space_between_mobile&quot;:{&quot;unit&quot;:&quot;px&quot;,&quot;size&quot;:10,&quot;sizes&quot;:[]}}\" data-widget_type=\"media-carousel.default\">\n\t\t\t\t<div class=\"elementor-widget-container\">\n\t\t\t\t\t\t\t\t\t<div class=\"elementor-swiper\">\n\t\t\t\t\t<div class=\"elementor-main-swiper swiper\" role=\"region\" aria-roledescription=\"carousel\" aria-label=\"Slides\">\n\t\t\t\t<div class=\"swiper-wrapper\">\n\t\t\t\t\t\t\t\t\t\t\t<div class=\"swiper-slide\" role=\"group\" aria-roledescription=\"slide\">\n\t\t\t\t\t\t\t<a href=\"https:\/\/www.interface-wien.at\/wp-content\/uploads\/2025\/09\/InterfaceWien_Infografik_Mietbetrug_ARDE_Seite_2-1.png\" data-elementor-open-lightbox=\"yes\" data-elementor-lightbox-slideshow=\"6371b3ac\" data-elementor-lightbox-title=\"InterfaceWien_Infografik_Mietbetrug_AR+DE_Seite_2\" data-elementor-lightbox-description=\"Infoblatt zur Vorbeugung vom Mietbetrug auf Deutsch und Arabisch\" data-e-action-hash=\"#elementor-action%3Aaction%3Dlightbox%26settings%3DeyJpZCI6MTQxMjAsInVybCI6Imh0dHBzOlwvXC93d3cuaW50ZXJmYWNlLXdpZW4uYXRcL3dwLWNvbnRlbnRcL3VwbG9hZHNcLzIwMjVcLzA5XC9JbnRlcmZhY2VXaWVuX0luZm9ncmFmaWtfTWlldGJldHJ1Z19BUkRFX1NlaXRlXzItMS5wbmciLCJzbGlkZXNob3ciOiI2MzcxYjNhYyJ9\">\t\t<div class=\"elementor-carousel-image swiper-lazy\" role=\"img\" aria-label=\"Information sheet on preventing rental fraud in German and Arabic\" data-background=\"https:\/\/www.interface-wien.at\/wp-content\/uploads\/2025\/09\/InterfaceWien_Infografik_Mietbetrug_ARDE_Seite_2-1.png\">\n\n\t\t\t\t\t\t\t<div class=\"swiper-lazy-preloader\"><\/div>\n\t\t\t\n\t\t\t\t\t<\/div>\n\t\t<\/a>\t\t\t\t\t\t<\/div>\n\t\t\t\t\t\t\t\t\t\t\t<div class=\"swiper-slide\" role=\"group\" aria-roledescription=\"slide\">\n\t\t\t\t\t\t\t<a href=\"https:\/\/www.interface-wien.at\/wp-content\/uploads\/2025\/09\/InterfaceWien_Infografik_Mietbetrug_ARDE_Seite_1.png\" data-elementor-open-lightbox=\"yes\" data-elementor-lightbox-slideshow=\"6371b3ac\" data-elementor-lightbox-title=\"InterfaceWien_Infografik_Mietbetrug_AR+DE_Seite_1\" data-elementor-lightbox-description=\"Infoblatt zur Vorbeugung vom Mietbetrug auf Deutsch und Arabisch\" data-e-action-hash=\"#elementor-action%3Aaction%3Dlightbox%26settings%3DeyJpZCI6MTQxMjEsInVybCI6Imh0dHBzOlwvXC93d3cuaW50ZXJmYWNlLXdpZW4uYXRcL3dwLWNvbnRlbnRcL3VwbG9hZHNcLzIwMjVcLzA5XC9JbnRlcmZhY2VXaWVuX0luZm9ncmFmaWtfTWlldGJldHJ1Z19BUkRFX1NlaXRlXzEucG5nIiwic2xpZGVzaG93IjoiNjM3MWIzYWMifQ%3D%3D\">\t\t<div class=\"elementor-carousel-image swiper-lazy\" role=\"img\" aria-label=\"Information sheet on preventing rental fraud in German and Arabic\" data-background=\"https:\/\/www.interface-wien.at\/wp-content\/uploads\/2025\/09\/InterfaceWien_Infografik_Mietbetrug_ARDE_Seite_1.png\">\n\n\t\t\t\t\t\t\t<div class=\"swiper-lazy-preloader\"><\/div>\n\t\t\t\n\t\t\t\t\t<\/div>\n\t\t<\/a>\t\t\t\t\t\t<\/div>\n\t\t\t\t\t\t\t\t\t<\/div>\n\t\t\t\t\t\t\t\t\t\t\t\t\t\t\t<div class=\"elementor-swiper-button elementor-swiper-button-prev\" role=\"button\" tabindex=\"0\" aria-label=\"Previous\" data-no-translation-aria-label=\"\">\n\t\t\t\t\t\t\t<i aria-hidden=\"true\" class=\"eicon-chevron-left\"><\/i>\t\t\t\t\t\t<\/div>\n\t\t\t\t\t\t<div class=\"elementor-swiper-button elementor-swiper-button-next\" role=\"button\" tabindex=\"0\" aria-label=\"Next\" data-no-translation-aria-label=\"\">\n\t\t\t\t\t\t\t<i aria-hidden=\"true\" class=\"eicon-chevron-right\"><\/i>\t\t\t\t\t\t<\/div>\n\t\t\t\t\t\t\t\t\t\t\t\t\t\t\t\t<div class=\"swiper-pagination\"><\/div>\n\t\t\t\t\t\t\t\t\t\t\t\t<\/div>\n\t\t\t\t<\/div>\n\t\t\t\t\t\t\t\t<\/div>\n\t\t\t\t<\/div>\n\t\t\t\t<\/div>\n\t\t\t\t\t<\/div>\n\t\t\t\t<\/div>\n\t\t<div class=\"elementor-element elementor-element-294f721c e-flex e-con-boxed e-con e-parent\" data-id=\"294f721c\" data-element_type=\"container\" data-e-type=\"container\" data-settings=\"{&quot;background_background&quot;:&quot;classic&quot;}\">\n\t\t\t\t\t<div class=\"e-con-inner\">\n\t\t\t\t<div class=\"elementor-element elementor-element-4b839d01 elementor-widget elementor-widget-post-navigation\" data-id=\"4b839d01\" data-element_type=\"widget\" data-e-type=\"widget\" data-widget_type=\"post-navigation.default\">\n\t\t\t\t<div class=\"elementor-widget-container\">\n\t\t\t\t\t\t\t<div class=\"elementor-post-navigation\" role=\"navigation\" aria-label=\"Post Navigation\">\n\t\t\t<div class=\"elementor-post-navigation__prev elementor-post-navigation__link\">\n\t\t\t\t<a href=\"https:\/\/www.interface-wien.at\/en\/einblick-in-unsere-projekte-im-sommerdeutschkurs-gibt-es-eis\/\" rel=\"prev\"><span class=\"post-navigation__arrow-wrapper post-navigation__arrow-prev\"><i aria-hidden=\"true\" class=\"fas fa-chevron-left\"><\/i><span class=\"elementor-screen-only\">Previous<\/span><\/span><span class=\"elementor-post-navigation__link__prev\"><span class=\"post-navigation__prev--label\">Previous post<\/span><span class=\"post-navigation__prev--title\">Look into our projects: In the summer (German course) there is ice cream!<\/span><\/span><\/a>\t\t\t<\/div>\n\t\t\t\t\t\t<div class=\"elementor-post-navigation__next elementor-post-navigation__link\">\n\t\t\t\t<a href=\"https:\/\/www.interface-wien.at\/en\/8-september-welttag-der-alphabetisierung\/\" rel=\"next\"><span class=\"elementor-post-navigation__link__next\"><span class=\"post-navigation__next--label\">Next post<\/span><span class=\"post-navigation__next--title\">September 8 \u2013 World Literacy Day<\/span><\/span><span class=\"post-navigation__arrow-wrapper post-navigation__arrow-next\"><i aria-hidden=\"true\" class=\"fas fa-chevron-right\"><\/i><span class=\"elementor-screen-only\">Next<\/span><\/span><\/a>\t\t\t<\/div>\n\t\t<\/div>\n\t\t\t\t\t\t<\/div>\n\t\t\t\t<\/div>\n\t\t\t\t\t<\/div>\n\t\t\t\t<\/div>\n\t\t<div class=\"elementor-element elementor-element-2d65bb25 e-flex e-con-boxed e-con e-parent\" data-id=\"2d65bb25\" data-element_type=\"container\" data-e-type=\"container\">\n\t\t\t\t\t<div class=\"e-con-inner\">\n\t\t\t\t<div class=\"elementor-element elementor-element-352d2c0b elementor-widget elementor-widget-heading\" data-id=\"352d2c0b\" data-element_type=\"widget\" data-e-type=\"widget\" data-widget_type=\"heading.default\">\n\t\t\t\t<div class=\"elementor-widget-container\">\n\t\t\t\t\t<h2 class=\"elementor-heading-title elementor-size-default\">More articles<\/h2>\t\t\t\t<\/div>\n\t\t\t\t<\/div>\n\t\t\t\t<div class=\"elementor-element elementor-element-587bdd8c elementor-grid-tablet-3 elementor-grid-3 elementor-grid-mobile-1 elementor-posts--thumbnail-top elementor-widget elementor-widget-global elementor-global-2620 elementor-widget-posts\" data-id=\"587bdd8c\" data-element_type=\"widget\" data-e-type=\"widget\" data-settings=\"{&quot;classic_columns_tablet&quot;:&quot;3&quot;,&quot;classic_columns&quot;:&quot;3&quot;,&quot;classic_columns_mobile&quot;:&quot;1&quot;,&quot;classic_row_gap&quot;:{&quot;unit&quot;:&quot;px&quot;,&quot;size&quot;:35,&quot;sizes&quot;:[]},&quot;classic_row_gap_tablet&quot;:{&quot;unit&quot;:&quot;px&quot;,&quot;size&quot;:&quot;&quot;,&quot;sizes&quot;:[]},&quot;classic_row_gap_mobile&quot;:{&quot;unit&quot;:&quot;px&quot;,&quot;size&quot;:&quot;&quot;,&quot;sizes&quot;:[]}}\" data-widget_type=\"posts.classic\">\n\t\t\t\t<div class=\"elementor-widget-container\">\n\t\t\t\t\t\t\t<div class=\"elementor-posts-container elementor-posts elementor-posts--skin-classic elementor-grid\" role=\"list\">\n\t\t\t\t<article class=\"elementor-post elementor-grid-item post-14799 post type-post status-publish format-standard has-post-thumbnail hentry category-news\" role=\"listitem\">\n\t\t\t\t<a class=\"elementor-post__thumbnail__link\" href=\"https:\/\/www.interface-wien.at\/en\/besuch-im-startwien-college-fachkrafte-von-morgen-im-blick\/\" tabindex=\"-1\" >\n\t\t\t<div class=\"elementor-post__thumbnail\"><img fetchpriority=\"high\" decoding=\"async\" width=\"768\" height=\"432\" src=\"https:\/\/www.interface-wien.at\/wp-content\/uploads\/2026\/04\/WhatsApp-Image-2026-04-21-at-11.23.28-768x432.jpeg\" class=\"attachment-medium_large size-medium_large wp-image-14795\" alt=\"Besuch beim StartWien College, Vizeb\u00fcrgermeisterin Bettina Emmerling und die Leiterin von MA 17 Theodora Manolakos\" srcset=\"https:\/\/www.interface-wien.at\/wp-content\/uploads\/2026\/04\/WhatsApp-Image-2026-04-21-at-11.23.28-768x432.jpeg 768w, https:\/\/www.interface-wien.at\/wp-content\/uploads\/2026\/04\/WhatsApp-Image-2026-04-21-at-11.23.28-800x450.jpeg 800w, https:\/\/www.interface-wien.at\/wp-content\/uploads\/2026\/04\/WhatsApp-Image-2026-04-21-at-11.23.28-1024x576.jpeg 1024w, https:\/\/www.interface-wien.at\/wp-content\/uploads\/2026\/04\/WhatsApp-Image-2026-04-21-at-11.23.28-400x225.jpeg 400w, https:\/\/www.interface-wien.at\/wp-content\/uploads\/2026\/04\/WhatsApp-Image-2026-04-21-at-11.23.28-1536x864.jpeg 1536w, https:\/\/www.interface-wien.at\/wp-content\/uploads\/2026\/04\/WhatsApp-Image-2026-04-21-at-11.23.28-18x10.jpeg 18w, https:\/\/www.interface-wien.at\/wp-content\/uploads\/2026\/04\/WhatsApp-Image-2026-04-21-at-11.23.28.jpeg 1920w\" sizes=\"(max-width: 768px) 100vw, 768px\" \/><\/div>\n\t\t<\/a>\n\t\t\t\t<div class=\"elementor-post__text\">\n\t\t\t\t<h3 class=\"elementor-post__title\">\n\t\t\t<a href=\"https:\/\/www.interface-wien.at\/en\/besuch-im-startwien-college-fachkrafte-von-morgen-im-blick\/\" >\n\t\t\t\tVisit to StartWien College: Focusing on tomorrow&#039;s skilled workers\t\t\t<\/a>\n\t\t<\/h3>\n\t\t\t\t<div class=\"elementor-post__excerpt\">\n\t\t\t<p>Today at StartWien College we were pleased to welcome Vienna&#039;s Deputy Mayor Bettina Emmerling and Theodora Manolakos, Head of the City of Vienna - Integration and Diversity.<\/p>\n<p class=\"translation-block\">The young participants guided the tour of the <a href=\"https:\/\/www.interface-wien.at\/en\/projekte-startwien-college\/\" target=\"_blank\" rel=\"noopener\">StartWien College<\/a> themselves, offering insights into their journeys, goals, and future plans. In doing so, it became clear what the programme is all about:  <strong data-start=\"425\" data-end=\"454\">catching up and moving ahead<\/strong>.<\/p>\n\t\t<\/div>\n\t\t\n\t\t<a class=\"elementor-post__read-more\" href=\"https:\/\/www.interface-wien.at\/en\/besuch-im-startwien-college-fachkrafte-von-morgen-im-blick\/\" aria-label=\"Read more about visiting StartWien College: Focusing on tomorrow&#039;s skilled workers\" tabindex=\"-1\" >\n\t\t\tContinue reading\t\t<\/a>\n\n\t\t\t\t<\/div>\n\t\t\t\t<\/article>\n\t\t\t\t<article class=\"elementor-post elementor-grid-item post-14761 post type-post status-publish format-standard has-post-thumbnail hentry category-news\" role=\"listitem\">\n\t\t\t\t<a class=\"elementor-post__thumbnail__link\" href=\"https:\/\/www.interface-wien.at\/en\/%f0%9d%90%85%f0%9d%90%9a%f0%9d%90%9c%f0%9d%90%a1%f0%9d%90%a5%f0%9d%90%a2%f0%9d%90%9c%f0%9d%90%a1%f0%9d%90%9e%f0%9d%90%ab-%f0%9d%90%80%f0%9d%90%ae%f0%9d%90%ac%f0%9d%90%ad%f0%9d%90%9a%f0%9d%90%ae\/\" tabindex=\"-1\" >\n\t\t\t<div class=\"elementor-post__thumbnail\"><img decoding=\"async\" width=\"768\" height=\"576\" src=\"https:\/\/www.interface-wien.at\/wp-content\/uploads\/2026\/04\/SFA-_BPI-2-768x576.jpg\" class=\"attachment-medium_large size-medium_large wp-image-14760\" alt=\"Besuch Berater*innen der Startbegleitung von Interface Wien bei dem BPI der \u00d6JAB\" srcset=\"https:\/\/www.interface-wien.at\/wp-content\/uploads\/2026\/04\/SFA-_BPI-2-768x576.jpg 768w, https:\/\/www.interface-wien.at\/wp-content\/uploads\/2026\/04\/SFA-_BPI-2-800x600.jpg 800w, https:\/\/www.interface-wien.at\/wp-content\/uploads\/2026\/04\/SFA-_BPI-2-1024x768.jpg 1024w, https:\/\/www.interface-wien.at\/wp-content\/uploads\/2026\/04\/SFA-_BPI-2-400x300.jpg 400w, https:\/\/www.interface-wien.at\/wp-content\/uploads\/2026\/04\/SFA-_BPI-2-1536x1152.jpg 1536w, https:\/\/www.interface-wien.at\/wp-content\/uploads\/2026\/04\/SFA-_BPI-2-2048x1536.jpg 2048w, https:\/\/www.interface-wien.at\/wp-content\/uploads\/2026\/04\/SFA-_BPI-2-16x12.jpg 16w\" sizes=\"(max-width: 768px) 100vw, 768px\" \/><\/div>\n\t\t<\/a>\n\t\t\t\t<div class=\"elementor-post__text\">\n\t\t\t\t<h3 class=\"elementor-post__title\">\n\t\t\t<a href=\"https:\/\/www.interface-wien.at\/en\/%f0%9d%90%85%f0%9d%90%9a%f0%9d%90%9c%f0%9d%90%a1%f0%9d%90%a5%f0%9d%90%a2%f0%9d%90%9c%f0%9d%90%a1%f0%9d%90%9e%f0%9d%90%ab-%f0%9d%90%80%f0%9d%90%ae%f0%9d%90%ac%f0%9d%90%ad%f0%9d%90%9a%f0%9d%90%ae\/\" >\n\t\t\t\tProfessional exchange strengthens consulting expertise\t\t\t<\/a>\n\t\t<\/h3>\n\t\t\t\t<div class=\"elementor-post__excerpt\">\n\t\t\t<p>Sharing knowledge, broadening perspectives, strengthening cooperation: On April 10, six social advisors from the Startbegleitung program of Interface Wien visited the training center of the Vocational Pedagogical Institute (BPI) of the \u00d6JAB.<\/p>\n\t\t<\/div>\n\t\t\n\t\t<a class=\"elementor-post__read-more\" href=\"https:\/\/www.interface-wien.at\/en\/%f0%9d%90%85%f0%9d%90%9a%f0%9d%90%9c%f0%9d%90%a1%f0%9d%90%a5%f0%9d%90%a2%f0%9d%90%9c%f0%9d%90%a1%f0%9d%90%9e%f0%9d%90%ab-%f0%9d%90%80%f0%9d%90%ae%f0%9d%90%ac%f0%9d%90%ad%f0%9d%90%9a%f0%9d%90%ae\/\" aria-label=\"Read more about Professional exchange strengthens consulting skills\" tabindex=\"-1\" >\n\t\t\tContinue reading\t\t<\/a>\n\n\t\t\t\t<\/div>\n\t\t\t\t<\/article>\n\t\t\t\t<article class=\"elementor-post elementor-grid-item post-14699 post type-post status-publish format-standard has-post-thumbnail hentry category-news\" role=\"listitem\">\n\t\t\t\t<a class=\"elementor-post__thumbnail__link\" href=\"https:\/\/www.interface-wien.at\/en\/online-anmeldung-fur-die-wiener-sommerdeutschkurse-2026-gestartet\/\" tabindex=\"-1\" >\n\t\t\t<div class=\"elementor-post__thumbnail\"><img decoding=\"async\" width=\"768\" height=\"324\" src=\"https:\/\/www.interface-wien.at\/wp-content\/uploads\/2026\/03\/SDK-ImageFoto-2026-768x324.jpg\" class=\"attachment-medium_large size-medium_large wp-image-14666\" alt=\"Sommerdeutschkurse 2026\" srcset=\"https:\/\/www.interface-wien.at\/wp-content\/uploads\/2026\/03\/SDK-ImageFoto-2026-768x324.jpg 768w, https:\/\/www.interface-wien.at\/wp-content\/uploads\/2026\/03\/SDK-ImageFoto-2026-800x337.jpg 800w, https:\/\/www.interface-wien.at\/wp-content\/uploads\/2026\/03\/SDK-ImageFoto-2026-1024x431.jpg 1024w, https:\/\/www.interface-wien.at\/wp-content\/uploads\/2026\/03\/SDK-ImageFoto-2026-400x169.jpg 400w, https:\/\/www.interface-wien.at\/wp-content\/uploads\/2026\/03\/SDK-ImageFoto-2026-1536x647.jpg 1536w, https:\/\/www.interface-wien.at\/wp-content\/uploads\/2026\/03\/SDK-ImageFoto-2026-2048x863.jpg 2048w, https:\/\/www.interface-wien.at\/wp-content\/uploads\/2026\/03\/SDK-ImageFoto-2026-18x8.jpg 18w\" sizes=\"(max-width: 768px) 100vw, 768px\" \/><\/div>\n\t\t<\/a>\n\t\t\t\t<div class=\"elementor-post__text\">\n\t\t\t\t<h3 class=\"elementor-post__title\">\n\t\t\t<a href=\"https:\/\/www.interface-wien.at\/en\/online-anmeldung-fur-die-wiener-sommerdeutschkurse-2026-gestartet\/\" >\n\t\t\t\tOnline registration for the Wiener Sommerdeutschkurse 2026 has started.\t\t\t<\/a>\n\t\t<\/h3>\n\t\t\t\t<div class=\"elementor-post__excerpt\">\n\t\t\t<p>Online registration for the Vienna Summer German Courses 2026 opened on April 1, 2026. The City of Vienna\u2019s free programme is specifically aimed at school beginners who will start primary school in Vienna in autumn 2026 as non-regular pupils.<\/p>\n\t\t<\/div>\n\t\t\n\t\t<a class=\"elementor-post__read-more\" href=\"https:\/\/www.interface-wien.at\/en\/online-anmeldung-fur-die-wiener-sommerdeutschkurse-2026-gestartet\/\" aria-label=\"Read more about the start of online registration for the Vienna summer German courses 2026.\" tabindex=\"-1\" >\n\t\t\tContinue reading\t\t<\/a>\n\n\t\t\t\t<\/div>\n\t\t\t\t<\/article>\n\t\t\t\t<\/div>\n\t\t\n\t\t\t\t\t\t<\/div>\n\t\t\t\t<\/div>\n\t\t\t\t\t<\/div>\n\t\t\t\t<\/div>\n\t\t\t\t<\/div>","protected":false},"excerpt":{"rendered":"<p>Four Interface Wien clients, together with the Startbegleitung team, designed a multilingual preventative information sheet against rental fraud. The result is not an ordinary informational resource, but a tool for self-empowerment: clear, accessible, and vivid.<\/p>","protected":false},"author":3,"featured_media":14112,"comment_status":"closed","ping_status":"closed","sticky":false,"template":"","format":"standard","meta":{"_acf_changed":false,"footnotes":""},"categories":[35],"tags":[],"class_list":["post-14117","post","type-post","status-publish","format-standard","has-post-thumbnail","hentry","category-news"],"acf":[],"yoast_head":"<!-- This site is optimized with the Yoast SEO plugin v26.5 - https:\/\/yoast.com\/wordpress\/plugins\/seo\/ -->\n<title>Wenn Wissen sch\u00fctzt: Mietbetrug den Boden entziehen - Interface Wien<\/title>\n<meta name=\"robots\" content=\"index, follow, max-snippet:-1, max-image-preview:large, max-video-preview:-1\" \/>\n<link rel=\"canonical\" href=\"https:\/\/www.interface-wien.at\/en\/wenn-wissen-schutzt-mietbetrug-den-boden-entziehen\/\" \/>\n<meta property=\"og:locale\" content=\"en_GB\" \/>\n<meta property=\"og:type\" content=\"article\" \/>\n<meta property=\"og:title\" content=\"Wenn Wissen sch\u00fctzt: Mietbetrug den Boden entziehen - Interface Wien\" \/>\n<meta property=\"og:description\" content=\"Vier Klient*innen von Interface Wien haben gemeinsam mit dem Team der Startbegleitung ein mehrsprachiges pr\u00e4ventives Infoblatt gegen Mietbetrug gestaltet. Was entstand, ist kein gew\u00f6hnliches Informationsmaterial, sondern ein Werkzeug der Selbsterm\u00e4chtigung: klar, zug\u00e4nglich, bildhaft.\" \/>\n<meta property=\"og:url\" content=\"https:\/\/www.interface-wien.at\/en\/wenn-wissen-schutzt-mietbetrug-den-boden-entziehen\/\" \/>\n<meta property=\"og:site_name\" content=\"Interface Wien\" \/>\n<meta property=\"article:published_time\" content=\"2025-09-02T13:11:39+00:00\" \/>\n<meta property=\"article:modified_time\" content=\"2025-09-02T13:51:06+00:00\" \/>\n<meta property=\"og:image\" content=\"https:\/\/www.interface-wien.at\/wp-content\/uploads\/2025\/09\/InterfaceWien_Infografik_Mietbetrug_ARDE_Seite_2-e1756817845502.png\" \/>\n\t<meta property=\"og:image:width\" content=\"1654\" \/>\n\t<meta property=\"og:image:height\" content=\"955\" \/>\n\t<meta property=\"og:image:type\" content=\"image\/png\" \/>\n<meta name=\"author\" content=\"Rado\" \/>\n<meta name=\"twitter:card\" content=\"summary_large_image\" \/>\n<meta name=\"twitter:label1\" content=\"Written by\" \/>\n\t<meta name=\"twitter:data1\" content=\"Rado\" \/>\n\t<meta name=\"twitter:label2\" content=\"Estimated reading time\" \/>\n\t<meta name=\"twitter:data2\" content=\"3 minutes\" \/>\n<script type=\"application\/ld+json\" class=\"yoast-schema-graph\">{\"@context\":\"https:\/\/schema.org\",\"@graph\":[{\"@type\":\"Article\",\"@id\":\"https:\/\/www.interface-wien.at\/wenn-wissen-schutzt-mietbetrug-den-boden-entziehen\/#article\",\"isPartOf\":{\"@id\":\"https:\/\/www.interface-wien.at\/wenn-wissen-schutzt-mietbetrug-den-boden-entziehen\/\"},\"author\":{\"name\":\"Rado\",\"@id\":\"https:\/\/www.interface-wien.at\/#\/schema\/person\/c04d4e5cb0faaa9a1c566e245a7fa680\"},\"headline\":\"Wenn Wissen sch\u00fctzt: Mietbetrug den Boden entziehen\",\"datePublished\":\"2025-09-02T13:11:39+00:00\",\"dateModified\":\"2025-09-02T13:51:06+00:00\",\"mainEntityOfPage\":{\"@id\":\"https:\/\/www.interface-wien.at\/wenn-wissen-schutzt-mietbetrug-den-boden-entziehen\/\"},\"wordCount\":185,\"publisher\":{\"@id\":\"https:\/\/www.interface-wien.at\/#organization\"},\"image\":{\"@id\":\"https:\/\/www.interface-wien.at\/wenn-wissen-schutzt-mietbetrug-den-boden-entziehen\/#primaryimage\"},\"thumbnailUrl\":\"https:\/\/www.interface-wien.at\/wp-content\/uploads\/2025\/09\/InterfaceWien_Infografik_Mietbetrug_ARDE_Seite_2-e1756817845502.png\",\"articleSection\":[\"News\"],\"inLanguage\":\"en-GB\"},{\"@type\":\"WebPage\",\"@id\":\"https:\/\/www.interface-wien.at\/wenn-wissen-schutzt-mietbetrug-den-boden-entziehen\/\",\"url\":\"https:\/\/www.interface-wien.at\/wenn-wissen-schutzt-mietbetrug-den-boden-entziehen\/\",\"name\":\"Wenn Wissen sch\u00fctzt: Mietbetrug den Boden entziehen - Interface Wien\",\"isPartOf\":{\"@id\":\"https:\/\/www.interface-wien.at\/#website\"},\"primaryImageOfPage\":{\"@id\":\"https:\/\/www.interface-wien.at\/wenn-wissen-schutzt-mietbetrug-den-boden-entziehen\/#primaryimage\"},\"image\":{\"@id\":\"https:\/\/www.interface-wien.at\/wenn-wissen-schutzt-mietbetrug-den-boden-entziehen\/#primaryimage\"},\"thumbnailUrl\":\"https:\/\/www.interface-wien.at\/wp-content\/uploads\/2025\/09\/InterfaceWien_Infografik_Mietbetrug_ARDE_Seite_2-e1756817845502.png\",\"datePublished\":\"2025-09-02T13:11:39+00:00\",\"dateModified\":\"2025-09-02T13:51:06+00:00\",\"breadcrumb\":{\"@id\":\"https:\/\/www.interface-wien.at\/wenn-wissen-schutzt-mietbetrug-den-boden-entziehen\/#breadcrumb\"},\"inLanguage\":\"en-GB\",\"potentialAction\":[{\"@type\":\"ReadAction\",\"target\":[\"https:\/\/www.interface-wien.at\/wenn-wissen-schutzt-mietbetrug-den-boden-entziehen\/\"]}]},{\"@type\":\"ImageObject\",\"inLanguage\":\"en-GB\",\"@id\":\"https:\/\/www.interface-wien.at\/wenn-wissen-schutzt-mietbetrug-den-boden-entziehen\/#primaryimage\",\"url\":\"https:\/\/www.interface-wien.at\/wp-content\/uploads\/2025\/09\/InterfaceWien_Infografik_Mietbetrug_ARDE_Seite_2-e1756817845502.png\",\"contentUrl\":\"https:\/\/www.interface-wien.at\/wp-content\/uploads\/2025\/09\/InterfaceWien_Infografik_Mietbetrug_ARDE_Seite_2-e1756817845502.png\",\"width\":1654,\"height\":955,\"caption\":\"Infoblatt zur Vorbeugung vom Mietbetrug auf Deutsch und Arabisch\"},{\"@type\":\"BreadcrumbList\",\"@id\":\"https:\/\/www.interface-wien.at\/wenn-wissen-schutzt-mietbetrug-den-boden-entziehen\/#breadcrumb\",\"itemListElement\":[{\"@type\":\"ListItem\",\"position\":1,\"name\":\"Interface Wien\",\"item\":\"https:\/\/www.interface-wien.at\/\"},{\"@type\":\"ListItem\",\"position\":2,\"name\":\"Wenn Wissen sch\u00fctzt: Mietbetrug den Boden entziehen\"}]},{\"@type\":\"WebSite\",\"@id\":\"https:\/\/www.interface-wien.at\/#website\",\"url\":\"https:\/\/www.interface-wien.at\/\",\"name\":\"Interface Wien\",\"description\":\"Ankommen begleiten - Zukunft gestalten\",\"publisher\":{\"@id\":\"https:\/\/www.interface-wien.at\/#organization\"},\"potentialAction\":[{\"@type\":\"SearchAction\",\"target\":{\"@type\":\"EntryPoint\",\"urlTemplate\":\"https:\/\/www.interface-wien.at\/?s={search_term_string}\"},\"query-input\":{\"@type\":\"PropertyValueSpecification\",\"valueRequired\":true,\"valueName\":\"search_term_string\"}}],\"inLanguage\":\"en-GB\"},{\"@type\":\"Organization\",\"@id\":\"https:\/\/www.interface-wien.at\/#organization\",\"name\":\"Interface Wien\",\"url\":\"https:\/\/www.interface-wien.at\/\",\"logo\":{\"@type\":\"ImageObject\",\"inLanguage\":\"en-GB\",\"@id\":\"https:\/\/www.interface-wien.at\/#\/schema\/logo\/image\/\",\"url\":\"https:\/\/www.interface-wien.at\/wp-content\/uploads\/2023\/12\/InterfaceWien-Logo.svg\",\"contentUrl\":\"https:\/\/www.interface-wien.at\/wp-content\/uploads\/2023\/12\/InterfaceWien-Logo.svg\",\"width\":840,\"height\":252,\"caption\":\"Interface Wien\"},\"image\":{\"@id\":\"https:\/\/www.interface-wien.at\/#\/schema\/logo\/image\/\"}},{\"@type\":\"Person\",\"@id\":\"https:\/\/www.interface-wien.at\/#\/schema\/person\/c04d4e5cb0faaa9a1c566e245a7fa680\",\"name\":\"Rado\",\"url\":\"https:\/\/www.interface-wien.at\/en\/author\/rado\/\"}]}<\/script>\n<!-- \/ Yoast SEO plugin. -->","yoast_head_json":{"title":"Knowledge protects: Cutting off the foundations of rental fraud - Interface Vienna","robots":{"index":"index","follow":"follow","max-snippet":"max-snippet:-1","max-image-preview":"max-image-preview:large","max-video-preview":"max-video-preview:-1"},"canonical":"https:\/\/www.interface-wien.at\/en\/wenn-wissen-schutzt-mietbetrug-den-boden-entziehen\/","og_locale":"en_GB","og_type":"article","og_title":"Wenn Wissen sch\u00fctzt: Mietbetrug den Boden entziehen - Interface Wien","og_description":"Vier Klient*innen von Interface Wien haben gemeinsam mit dem Team der Startbegleitung ein mehrsprachiges pr\u00e4ventives Infoblatt gegen Mietbetrug gestaltet. Was entstand, ist kein gew\u00f6hnliches Informationsmaterial, sondern ein Werkzeug der Selbsterm\u00e4chtigung: klar, zug\u00e4nglich, bildhaft.","og_url":"https:\/\/www.interface-wien.at\/en\/wenn-wissen-schutzt-mietbetrug-den-boden-entziehen\/","og_site_name":"Interface Wien","article_published_time":"2025-09-02T13:11:39+00:00","article_modified_time":"2025-09-02T13:51:06+00:00","og_image":[{"width":1654,"height":955,"url":"https:\/\/www.interface-wien.at\/wp-content\/uploads\/2025\/09\/InterfaceWien_Infografik_Mietbetrug_ARDE_Seite_2-e1756817845502.png","type":"image\/png"}],"author":"Rado","twitter_card":"summary_large_image","twitter_misc":{"Written by":"Rado","Estimated reading time":"3 minutes"},"schema":{"@context":"https:\/\/schema.org","@graph":[{"@type":"Article","@id":"https:\/\/www.interface-wien.at\/wenn-wissen-schutzt-mietbetrug-den-boden-entziehen\/#article","isPartOf":{"@id":"https:\/\/www.interface-wien.at\/wenn-wissen-schutzt-mietbetrug-den-boden-entziehen\/"},"author":{"name":"Rado","@id":"https:\/\/www.interface-wien.at\/#\/schema\/person\/c04d4e5cb0faaa9a1c566e245a7fa680"},"headline":"Wenn Wissen sch\u00fctzt: Mietbetrug den Boden entziehen","datePublished":"2025-09-02T13:11:39+00:00","dateModified":"2025-09-02T13:51:06+00:00","mainEntityOfPage":{"@id":"https:\/\/www.interface-wien.at\/wenn-wissen-schutzt-mietbetrug-den-boden-entziehen\/"},"wordCount":185,"publisher":{"@id":"https:\/\/www.interface-wien.at\/#organization"},"image":{"@id":"https:\/\/www.interface-wien.at\/wenn-wissen-schutzt-mietbetrug-den-boden-entziehen\/#primaryimage"},"thumbnailUrl":"https:\/\/www.interface-wien.at\/wp-content\/uploads\/2025\/09\/InterfaceWien_Infografik_Mietbetrug_ARDE_Seite_2-e1756817845502.png","articleSection":["News"],"inLanguage":"en-GB"},{"@type":"WebPage","@id":"https:\/\/www.interface-wien.at\/wenn-wissen-schutzt-mietbetrug-den-boden-entziehen\/","url":"https:\/\/www.interface-wien.at\/wenn-wissen-schutzt-mietbetrug-den-boden-entziehen\/","name":"Knowledge protects: Cutting off the foundations of rental fraud - Interface Vienna","isPartOf":{"@id":"https:\/\/www.interface-wien.at\/#website"},"primaryImageOfPage":{"@id":"https:\/\/www.interface-wien.at\/wenn-wissen-schutzt-mietbetrug-den-boden-entziehen\/#primaryimage"},"image":{"@id":"https:\/\/www.interface-wien.at\/wenn-wissen-schutzt-mietbetrug-den-boden-entziehen\/#primaryimage"},"thumbnailUrl":"https:\/\/www.interface-wien.at\/wp-content\/uploads\/2025\/09\/InterfaceWien_Infografik_Mietbetrug_ARDE_Seite_2-e1756817845502.png","datePublished":"2025-09-02T13:11:39+00:00","dateModified":"2025-09-02T13:51:06+00:00","breadcrumb":{"@id":"https:\/\/www.interface-wien.at\/wenn-wissen-schutzt-mietbetrug-den-boden-entziehen\/#breadcrumb"},"inLanguage":"en-GB","potentialAction":[{"@type":"ReadAction","target":["https:\/\/www.interface-wien.at\/wenn-wissen-schutzt-mietbetrug-den-boden-entziehen\/"]}]},{"@type":"ImageObject","inLanguage":"en-GB","@id":"https:\/\/www.interface-wien.at\/wenn-wissen-schutzt-mietbetrug-den-boden-entziehen\/#primaryimage","url":"https:\/\/www.interface-wien.at\/wp-content\/uploads\/2025\/09\/InterfaceWien_Infografik_Mietbetrug_ARDE_Seite_2-e1756817845502.png","contentUrl":"https:\/\/www.interface-wien.at\/wp-content\/uploads\/2025\/09\/InterfaceWien_Infografik_Mietbetrug_ARDE_Seite_2-e1756817845502.png","width":1654,"height":955,"caption":"Infoblatt zur Vorbeugung vom Mietbetrug auf Deutsch und Arabisch"},{"@type":"BreadcrumbList","@id":"https:\/\/www.interface-wien.at\/wenn-wissen-schutzt-mietbetrug-den-boden-entziehen\/#breadcrumb","itemListElement":[{"@type":"ListItem","position":1,"name":"Interface Wien","item":"https:\/\/www.interface-wien.at\/"},{"@type":"ListItem","position":2,"name":"Wenn Wissen sch\u00fctzt: Mietbetrug den Boden entziehen"}]},{"@type":"WebSite","@id":"https:\/\/www.interface-wien.at\/#website","url":"https:\/\/www.interface-wien.at\/","name":"Interface Wien","description":"Accompany your arrival - shape the future","publisher":{"@id":"https:\/\/www.interface-wien.at\/#organization"},"potentialAction":[{"@type":"SearchAction","target":{"@type":"EntryPoint","urlTemplate":"https:\/\/www.interface-wien.at\/?s={search_term_string}"},"query-input":{"@type":"PropertyValueSpecification","valueRequired":true,"valueName":"search_term_string"}}],"inLanguage":"en-GB"},{"@type":"Organization","@id":"https:\/\/www.interface-wien.at\/#organization","name":"Interface Wien","url":"https:\/\/www.interface-wien.at\/","logo":{"@type":"ImageObject","inLanguage":"en-GB","@id":"https:\/\/www.interface-wien.at\/#\/schema\/logo\/image\/","url":"https:\/\/www.interface-wien.at\/wp-content\/uploads\/2023\/12\/InterfaceWien-Logo.svg","contentUrl":"https:\/\/www.interface-wien.at\/wp-content\/uploads\/2023\/12\/InterfaceWien-Logo.svg","width":840,"height":252,"caption":"Interface Wien"},"image":{"@id":"https:\/\/www.interface-wien.at\/#\/schema\/logo\/image\/"}},{"@type":"Person","@id":"https:\/\/www.interface-wien.at\/#\/schema\/person\/c04d4e5cb0faaa9a1c566e245a7fa680","name":"Rado","url":"https:\/\/www.interface-wien.at\/en\/author\/rado\/"}]}},"_links":{"self":[{"href":"https:\/\/www.interface-wien.at\/en\/wp-json\/wp\/v2\/posts\/14117","targetHints":{"allow":["GET"]}}],"collection":[{"href":"https:\/\/www.interface-wien.at\/en\/wp-json\/wp\/v2\/posts"}],"about":[{"href":"https:\/\/www.interface-wien.at\/en\/wp-json\/wp\/v2\/types\/post"}],"author":[{"embeddable":true,"href":"https:\/\/www.interface-wien.at\/en\/wp-json\/wp\/v2\/users\/3"}],"replies":[{"embeddable":true,"href":"https:\/\/www.interface-wien.at\/en\/wp-json\/wp\/v2\/comments?post=14117"}],"version-history":[{"count":14,"href":"https:\/\/www.interface-wien.at\/en\/wp-json\/wp\/v2\/posts\/14117\/revisions"}],"predecessor-version":[{"id":14133,"href":"https:\/\/www.interface-wien.at\/en\/wp-json\/wp\/v2\/posts\/14117\/revisions\/14133"}],"wp:featuredmedia":[{"embeddable":true,"href":"https:\/\/www.interface-wien.at\/en\/wp-json\/wp\/v2\/media\/14112"}],"wp:attachment":[{"href":"https:\/\/www.interface-wien.at\/en\/wp-json\/wp\/v2\/media?parent=14117"}],"wp:term":[{"taxonomy":"category","embeddable":true,"href":"https:\/\/www.interface-wien.at\/en\/wp-json\/wp\/v2\/categories?post=14117"},{"taxonomy":"post_tag","embeddable":true,"href":"https:\/\/www.interface-wien.at\/en\/wp-json\/wp\/v2\/tags?post=14117"}],"curies":[{"name":"wp","href":"https:\/\/api.w.org\/{rel}","templated":true}]}}