{"id":14162,"date":"2025-09-24T12:18:31","date_gmt":"2025-09-24T10:18:31","guid":{"rendered":"https:\/\/www.interface-wien.at\/?p=14162"},"modified":"2025-09-24T12:30:47","modified_gmt":"2025-09-24T10:30:47","slug":"infotag-am-islamischen-zentrum-wien","status":"publish","type":"post","link":"https:\/\/www.interface-wien.at\/en\/infotag-am-islamischen-zentrum-wien\/","title":{"rendered":"Information day at the Islamic Center Vienna"},"content":{"rendered":"<div data-elementor-type=\"wp-post\" data-elementor-id=\"14162\" class=\"elementor elementor-14162\" data-elementor-post-type=\"post\">\n\t\t\t\t<div class=\"elementor-element elementor-element-24aa1ab6 e-flex e-con-boxed e-con e-parent\" data-id=\"24aa1ab6\" data-element_type=\"container\" data-e-type=\"container\">\n\t\t\t\t\t<div class=\"e-con-inner\">\n\t\t\t\t<div class=\"elementor-element elementor-element-3dea857b elementor-widget elementor-widget-global elementor-global-2681 elementor-widget-breadcrumbs\" data-id=\"3dea857b\" data-element_type=\"widget\" data-e-type=\"widget\" data-widget_type=\"breadcrumbs.default\">\n\t\t\t\t<div class=\"elementor-widget-container\">\n\t\t\t\t\t<p id=\"breadcrumbs\"><span><span><a href=\"https:\/\/www.interface-wien.at\/en\/\">Interface Wien<\/a><\/span><\/span><\/p>\t\t\t\t<\/div>\n\t\t\t\t<\/div>\n\t\t\t\t\t<\/div>\n\t\t\t\t<\/div>\n\t\t<div class=\"elementor-element elementor-element-1bc18474 e-flex e-con-boxed e-con e-parent\" data-id=\"1bc18474\" data-element_type=\"container\" data-e-type=\"container\">\n\t\t\t\t\t<div class=\"e-con-inner\">\n\t\t<div class=\"elementor-element elementor-element-444f02d2 e-con-full e-flex e-con e-child\" data-id=\"444f02d2\" data-element_type=\"container\" data-e-type=\"container\">\n\t\t\t\t<div class=\"elementor-element elementor-element-4e7ff8e3 elementor-widget__width-inherit elementor-widget elementor-widget-heading\" data-id=\"4e7ff8e3\" data-element_type=\"widget\" data-e-type=\"widget\" data-widget_type=\"heading.default\">\n\t\t\t\t<div class=\"elementor-widget-container\">\n\t\t\t\t\t<h1 class=\"elementor-heading-title elementor-size-default\">Information day at the Islamic Center Vienna<\/h1>\t\t\t\t<\/div>\n\t\t\t\t<\/div>\n\t\t\t\t<\/div>\n\t\t\t\t\t<\/div>\n\t\t\t\t<\/div>\n\t\t<div class=\"elementor-element elementor-element-19b360aa e-flex e-con-boxed e-con e-parent\" data-id=\"19b360aa\" data-element_type=\"container\" data-e-type=\"container\">\n\t\t\t\t\t<div class=\"e-con-inner\">\n\t\t<div class=\"elementor-element elementor-element-2b755e12 e-con-full e-flex e-con e-child\" data-id=\"2b755e12\" data-element_type=\"container\" data-e-type=\"container\">\n\t\t\t\t<div class=\"elementor-element elementor-element-3eb73b11 elementor-widget elementor-widget-text-editor\" data-id=\"3eb73b11\" data-element_type=\"widget\" data-e-type=\"widget\" data-widget_type=\"text-editor.default\">\n\t\t\t\t<div class=\"elementor-widget-container\">\n\t\t\t\t\t\t\t\t\t<p>On September 20, the Islamic Center Vienna once again transformed into a place of opportunities. At the information day on training and continuing education, we stood side by side with the <a href=\"https:\/\/www.ams.at\/regionen\/wien\/geschaeftsstellen\/ams-landesgeschaeftsstelle-wien\" target=\"_blank\" rel=\"noopener\">AMS Wien<\/a>, dem <a href=\"https:\/\/www.waff.at\/\" target=\"_blank\" rel=\"noopener\">WAFF<\/a>, <a href=\"https:\/\/www.vhs.at\/de\" target=\"_blank\" rel=\"noopener\">VHS<\/a>, <a href=\"https:\/\/www.wien.gv.at\/zusammenleben\/integration\" target=\"_blank\" rel=\"noopener\">City of Vienna Integration and Diversity<\/a> and the <a href=\"https:\/\/www.jugendzentren.at\/\" target=\"_blank\" rel=\"noopener\">Vienna youth centers<\/a> \u2013 together with the goal of highlighting the paths and opportunities for education in Vienna. Whether it was German courses for a secure start in everyday life, tutoring programs for children that provide support and motivation for learning, opportunities to obtain educational qualifications, or information on funding for training and continuing education \u2013 there was the right information for everyone interested in education.<\/p><p>Our colleagues Barbara and Abdullah shared their heartfelt and expert knowledge of the diverse consulting and educational offerings offered by Interface Vienna.<\/p>\t\t\t\t\t\t\t\t<\/div>\n\t\t\t\t<\/div>\n\t\t\t\t<\/div>\n\t\t<div class=\"elementor-element elementor-element-920c540 e-con-full e-flex e-con e-child\" data-id=\"920c540\" data-element_type=\"container\" data-e-type=\"container\">\n\t\t\t\t<div class=\"elementor-element elementor-element-702872bf elementor-skin-carousel elementor-arrows-yes elementor-pagination-type-bullets elementor-pagination-position-outside elementor-widget elementor-widget-media-carousel\" data-id=\"702872bf\" data-element_type=\"widget\" data-e-type=\"widget\" data-settings=\"{&quot;lazyload&quot;:&quot;yes&quot;,&quot;effect&quot;:&quot;fade&quot;,&quot;skin&quot;:&quot;carousel&quot;,&quot;show_arrows&quot;:&quot;yes&quot;,&quot;pagination&quot;:&quot;bullets&quot;,&quot;speed&quot;:500,&quot;loop&quot;:&quot;yes&quot;,&quot;space_between&quot;:{&quot;unit&quot;:&quot;px&quot;,&quot;size&quot;:10,&quot;sizes&quot;:[]},&quot;space_between_tablet&quot;:{&quot;unit&quot;:&quot;px&quot;,&quot;size&quot;:10,&quot;sizes&quot;:[]},&quot;space_between_mobile&quot;:{&quot;unit&quot;:&quot;px&quot;,&quot;size&quot;:10,&quot;sizes&quot;:[]}}\" data-widget_type=\"media-carousel.default\">\n\t\t\t\t<div class=\"elementor-widget-container\">\n\t\t\t\t\t\t\t\t\t<div class=\"elementor-swiper\">\n\t\t\t\t\t<div class=\"elementor-main-swiper swiper\" role=\"region\" aria-roledescription=\"carousel\" aria-label=\"Slides\">\n\t\t\t\t<div class=\"swiper-wrapper\">\n\t\t\t\t\t\t\t\t\t\t\t<div class=\"swiper-slide\" role=\"group\" aria-roledescription=\"slide\">\n\t\t\t\t\t\t\t<a href=\"https:\/\/www.interface-wien.at\/wp-content\/uploads\/2025\/09\/20250920_1503111-scaled.jpg\" data-elementor-open-lightbox=\"yes\" data-elementor-lightbox-slideshow=\"702872bf\" data-elementor-lightbox-title=\"20250920_150311(1)\" data-e-action-hash=\"#elementor-action%3Aaction%3Dlightbox%26settings%3DeyJpZCI6MTQxNTYsInVybCI6Imh0dHBzOlwvXC93d3cuaW50ZXJmYWNlLXdpZW4uYXRcL3dwLWNvbnRlbnRcL3VwbG9hZHNcLzIwMjVcLzA5XC8yMDI1MDkyMF8xNTAzMTExLXNjYWxlZC5qcGciLCJzbGlkZXNob3ciOiI3MDI4NzJiZiJ9\">\t\t<div class=\"elementor-carousel-image swiper-lazy\" role=\"img\" aria-label=\"the Interface Vienna team at the information day on training and further education on September 20th.\" data-background=\"https:\/\/www.interface-wien.at\/wp-content\/uploads\/2025\/09\/20250920_1503111-scaled.jpg\">\n\n\t\t\t\t\t\t\t<div class=\"swiper-lazy-preloader\"><\/div>\n\t\t\t\n\t\t\t\t\t<\/div>\n\t\t<\/a>\t\t\t\t\t\t<\/div>\n\t\t\t\t\t\t\t\t\t\t\t<div class=\"swiper-slide\" role=\"group\" aria-roledescription=\"slide\">\n\t\t\t\t\t\t\t<a href=\"https:\/\/www.interface-wien.at\/wp-content\/uploads\/2025\/09\/20250920_142601-scaled.jpg\" data-elementor-open-lightbox=\"yes\" data-elementor-lightbox-slideshow=\"702872bf\" data-elementor-lightbox-title=\"20250920_142601\" data-e-action-hash=\"#elementor-action%3Aaction%3Dlightbox%26settings%3DeyJpZCI6MTQxNTcsInVybCI6Imh0dHBzOlwvXC93d3cuaW50ZXJmYWNlLXdpZW4uYXRcL3dwLWNvbnRlbnRcL3VwbG9hZHNcLzIwMjVcLzA5XC8yMDI1MDkyMF8xNDI2MDEtc2NhbGVkLmpwZyIsInNsaWRlc2hvdyI6IjcwMjg3MmJmIn0%3D\">\t\t<div class=\"elementor-carousel-image swiper-lazy\" role=\"img\" aria-label=\"at the information day on training and further education on September 20th.\" data-background=\"https:\/\/www.interface-wien.at\/wp-content\/uploads\/2025\/09\/20250920_142601-scaled.jpg\">\n\n\t\t\t\t\t\t\t<div class=\"swiper-lazy-preloader\"><\/div>\n\t\t\t\n\t\t\t\t\t<\/div>\n\t\t<\/a>\t\t\t\t\t\t<\/div>\n\t\t\t\t\t\t\t\t\t<\/div>\n\t\t\t\t\t\t\t\t\t\t\t\t\t\t\t<div class=\"elementor-swiper-button elementor-swiper-button-prev\" role=\"button\" tabindex=\"0\" aria-label=\"Previous\" data-no-translation-aria-label=\"\">\n\t\t\t\t\t\t\t<i aria-hidden=\"true\" class=\"eicon-chevron-left\"><\/i>\t\t\t\t\t\t<\/div>\n\t\t\t\t\t\t<div class=\"elementor-swiper-button elementor-swiper-button-next\" role=\"button\" tabindex=\"0\" aria-label=\"Next\" data-no-translation-aria-label=\"\">\n\t\t\t\t\t\t\t<i aria-hidden=\"true\" class=\"eicon-chevron-right\"><\/i>\t\t\t\t\t\t<\/div>\n\t\t\t\t\t\t\t\t\t\t\t\t\t\t\t\t<div class=\"swiper-pagination\"><\/div>\n\t\t\t\t\t\t\t\t\t\t\t\t<\/div>\n\t\t\t\t<\/div>\n\t\t\t\t\t\t\t\t<\/div>\n\t\t\t\t<\/div>\n\t\t\t\t<\/div>\n\t\t\t\t\t<\/div>\n\t\t\t\t<\/div>\n\t\t<div class=\"elementor-element elementor-element-437d7404 e-flex e-con-boxed e-con e-parent\" data-id=\"437d7404\" data-element_type=\"container\" data-e-type=\"container\" data-settings=\"{&quot;background_background&quot;:&quot;classic&quot;}\">\n\t\t\t\t\t<div class=\"e-con-inner\">\n\t\t\t\t<div class=\"elementor-element elementor-element-6b126c2d elementor-widget elementor-widget-post-navigation\" data-id=\"6b126c2d\" data-element_type=\"widget\" data-e-type=\"widget\" data-widget_type=\"post-navigation.default\">\n\t\t\t\t<div class=\"elementor-widget-container\">\n\t\t\t\t\t\t\t<div class=\"elementor-post-navigation\" role=\"navigation\" aria-label=\"Post Navigation\">\n\t\t\t<div class=\"elementor-post-navigation__prev elementor-post-navigation__link\">\n\t\t\t\t<a href=\"https:\/\/www.interface-wien.at\/en\/8-september-welttag-der-alphabetisierung\/\" rel=\"prev\"><span class=\"post-navigation__arrow-wrapper post-navigation__arrow-prev\"><i aria-hidden=\"true\" class=\"fas fa-chevron-left\"><\/i><span class=\"elementor-screen-only\">Previous<\/span><\/span><span class=\"elementor-post-navigation__link__prev\"><span class=\"post-navigation__prev--label\">Previous post<\/span><span class=\"post-navigation__prev--title\">September 8 \u2013 World Literacy Day<\/span><\/span><\/a>\t\t\t<\/div>\n\t\t\t\t\t\t<div class=\"elementor-post-navigation__next elementor-post-navigation__link\">\n\t\t\t\t<a href=\"https:\/\/www.interface-wien.at\/en\/bester-start-in-wien-fur-jugendliche-startwien-college\/\" rel=\"next\"><span class=\"elementor-post-navigation__link__next\"><span class=\"post-navigation__next--label\">Next post<\/span><span class=\"post-navigation__next--title\">The best start in Vienna for young people? Of course \u2013 StartWien College!<\/span><\/span><span class=\"post-navigation__arrow-wrapper post-navigation__arrow-next\"><i aria-hidden=\"true\" class=\"fas fa-chevron-right\"><\/i><span class=\"elementor-screen-only\">Next<\/span><\/span><\/a>\t\t\t<\/div>\n\t\t<\/div>\n\t\t\t\t\t\t<\/div>\n\t\t\t\t<\/div>\n\t\t\t\t\t<\/div>\n\t\t\t\t<\/div>\n\t\t<div class=\"elementor-element elementor-element-6198e0e3 e-flex e-con-boxed e-con e-parent\" data-id=\"6198e0e3\" data-element_type=\"container\" data-e-type=\"container\">\n\t\t\t\t\t<div class=\"e-con-inner\">\n\t\t\t\t<div class=\"elementor-element elementor-element-296d9e5a elementor-widget elementor-widget-heading\" data-id=\"296d9e5a\" data-element_type=\"widget\" data-e-type=\"widget\" data-widget_type=\"heading.default\">\n\t\t\t\t<div class=\"elementor-widget-container\">\n\t\t\t\t\t<h2 class=\"elementor-heading-title elementor-size-default\">More articles<\/h2>\t\t\t\t<\/div>\n\t\t\t\t<\/div>\n\t\t\t\t<div class=\"elementor-element elementor-element-2f478da5 elementor-grid-tablet-3 elementor-grid-3 elementor-grid-mobile-1 elementor-posts--thumbnail-top elementor-widget elementor-widget-global elementor-global-2620 elementor-widget-posts\" data-id=\"2f478da5\" data-element_type=\"widget\" data-e-type=\"widget\" data-settings=\"{&quot;classic_columns_tablet&quot;:&quot;3&quot;,&quot;classic_columns&quot;:&quot;3&quot;,&quot;classic_columns_mobile&quot;:&quot;1&quot;,&quot;classic_row_gap&quot;:{&quot;unit&quot;:&quot;px&quot;,&quot;size&quot;:35,&quot;sizes&quot;:[]},&quot;classic_row_gap_tablet&quot;:{&quot;unit&quot;:&quot;px&quot;,&quot;size&quot;:&quot;&quot;,&quot;sizes&quot;:[]},&quot;classic_row_gap_mobile&quot;:{&quot;unit&quot;:&quot;px&quot;,&quot;size&quot;:&quot;&quot;,&quot;sizes&quot;:[]}}\" data-widget_type=\"posts.classic\">\n\t\t\t\t<div class=\"elementor-widget-container\">\n\t\t\t\t\t\t\t<div class=\"elementor-posts-container elementor-posts elementor-posts--skin-classic elementor-grid\" role=\"list\">\n\t\t\t\t<article class=\"elementor-post elementor-grid-item post-14799 post type-post status-publish format-standard has-post-thumbnail hentry category-news\" role=\"listitem\">\n\t\t\t\t<a class=\"elementor-post__thumbnail__link\" href=\"https:\/\/www.interface-wien.at\/en\/besuch-im-startwien-college-fachkrafte-von-morgen-im-blick\/\" tabindex=\"-1\" >\n\t\t\t<div class=\"elementor-post__thumbnail\"><img fetchpriority=\"high\" decoding=\"async\" width=\"768\" height=\"432\" src=\"https:\/\/www.interface-wien.at\/wp-content\/uploads\/2026\/04\/WhatsApp-Image-2026-04-21-at-11.23.28-768x432.jpeg\" class=\"attachment-medium_large size-medium_large wp-image-14795\" alt=\"Besuch beim StartWien College, Vizeb\u00fcrgermeisterin Bettina Emmerling und die Leiterin von MA 17 Theodora Manolakos\" srcset=\"https:\/\/www.interface-wien.at\/wp-content\/uploads\/2026\/04\/WhatsApp-Image-2026-04-21-at-11.23.28-768x432.jpeg 768w, https:\/\/www.interface-wien.at\/wp-content\/uploads\/2026\/04\/WhatsApp-Image-2026-04-21-at-11.23.28-800x450.jpeg 800w, https:\/\/www.interface-wien.at\/wp-content\/uploads\/2026\/04\/WhatsApp-Image-2026-04-21-at-11.23.28-1024x576.jpeg 1024w, https:\/\/www.interface-wien.at\/wp-content\/uploads\/2026\/04\/WhatsApp-Image-2026-04-21-at-11.23.28-400x225.jpeg 400w, https:\/\/www.interface-wien.at\/wp-content\/uploads\/2026\/04\/WhatsApp-Image-2026-04-21-at-11.23.28-1536x864.jpeg 1536w, https:\/\/www.interface-wien.at\/wp-content\/uploads\/2026\/04\/WhatsApp-Image-2026-04-21-at-11.23.28-18x10.jpeg 18w, https:\/\/www.interface-wien.at\/wp-content\/uploads\/2026\/04\/WhatsApp-Image-2026-04-21-at-11.23.28.jpeg 1920w\" sizes=\"(max-width: 768px) 100vw, 768px\" \/><\/div>\n\t\t<\/a>\n\t\t\t\t<div class=\"elementor-post__text\">\n\t\t\t\t<h3 class=\"elementor-post__title\">\n\t\t\t<a href=\"https:\/\/www.interface-wien.at\/en\/besuch-im-startwien-college-fachkrafte-von-morgen-im-blick\/\" >\n\t\t\t\tVisit to StartWien College: Focusing on tomorrow&#039;s skilled workers\t\t\t<\/a>\n\t\t<\/h3>\n\t\t\t\t<div class=\"elementor-post__excerpt\">\n\t\t\t<p>Today at StartWien College we were pleased to welcome Vienna&#039;s Deputy Mayor Bettina Emmerling and Theodora Manolakos, Head of the City of Vienna - Integration and Diversity.<\/p>\n<p class=\"translation-block\">The young participants guided the tour of the <a href=\"https:\/\/www.interface-wien.at\/en\/projekte-startwien-college\/\" target=\"_blank\" rel=\"noopener\">StartWien College<\/a> themselves, offering insights into their journeys, goals, and future plans. In doing so, it became clear what the programme is all about:  <strong data-start=\"425\" data-end=\"454\">catching up and moving ahead<\/strong>.<\/p>\n\t\t<\/div>\n\t\t\n\t\t<a class=\"elementor-post__read-more\" href=\"https:\/\/www.interface-wien.at\/en\/besuch-im-startwien-college-fachkrafte-von-morgen-im-blick\/\" aria-label=\"Read more about visiting StartWien College: Focusing on tomorrow&#039;s skilled workers\" tabindex=\"-1\" >\n\t\t\tContinue reading\t\t<\/a>\n\n\t\t\t\t<\/div>\n\t\t\t\t<\/article>\n\t\t\t\t<article class=\"elementor-post elementor-grid-item post-14761 post type-post status-publish format-standard has-post-thumbnail hentry category-news\" role=\"listitem\">\n\t\t\t\t<a class=\"elementor-post__thumbnail__link\" href=\"https:\/\/www.interface-wien.at\/en\/%f0%9d%90%85%f0%9d%90%9a%f0%9d%90%9c%f0%9d%90%a1%f0%9d%90%a5%f0%9d%90%a2%f0%9d%90%9c%f0%9d%90%a1%f0%9d%90%9e%f0%9d%90%ab-%f0%9d%90%80%f0%9d%90%ae%f0%9d%90%ac%f0%9d%90%ad%f0%9d%90%9a%f0%9d%90%ae\/\" tabindex=\"-1\" >\n\t\t\t<div class=\"elementor-post__thumbnail\"><img decoding=\"async\" width=\"768\" height=\"576\" src=\"https:\/\/www.interface-wien.at\/wp-content\/uploads\/2026\/04\/SFA-_BPI-2-768x576.jpg\" class=\"attachment-medium_large size-medium_large wp-image-14760\" alt=\"Besuch Berater*innen der Startbegleitung von Interface Wien bei dem BPI der \u00d6JAB\" srcset=\"https:\/\/www.interface-wien.at\/wp-content\/uploads\/2026\/04\/SFA-_BPI-2-768x576.jpg 768w, https:\/\/www.interface-wien.at\/wp-content\/uploads\/2026\/04\/SFA-_BPI-2-800x600.jpg 800w, https:\/\/www.interface-wien.at\/wp-content\/uploads\/2026\/04\/SFA-_BPI-2-1024x768.jpg 1024w, https:\/\/www.interface-wien.at\/wp-content\/uploads\/2026\/04\/SFA-_BPI-2-400x300.jpg 400w, https:\/\/www.interface-wien.at\/wp-content\/uploads\/2026\/04\/SFA-_BPI-2-1536x1152.jpg 1536w, https:\/\/www.interface-wien.at\/wp-content\/uploads\/2026\/04\/SFA-_BPI-2-2048x1536.jpg 2048w, https:\/\/www.interface-wien.at\/wp-content\/uploads\/2026\/04\/SFA-_BPI-2-16x12.jpg 16w\" sizes=\"(max-width: 768px) 100vw, 768px\" \/><\/div>\n\t\t<\/a>\n\t\t\t\t<div class=\"elementor-post__text\">\n\t\t\t\t<h3 class=\"elementor-post__title\">\n\t\t\t<a href=\"https:\/\/www.interface-wien.at\/en\/%f0%9d%90%85%f0%9d%90%9a%f0%9d%90%9c%f0%9d%90%a1%f0%9d%90%a5%f0%9d%90%a2%f0%9d%90%9c%f0%9d%90%a1%f0%9d%90%9e%f0%9d%90%ab-%f0%9d%90%80%f0%9d%90%ae%f0%9d%90%ac%f0%9d%90%ad%f0%9d%90%9a%f0%9d%90%ae\/\" >\n\t\t\t\tProfessional exchange strengthens consulting expertise\t\t\t<\/a>\n\t\t<\/h3>\n\t\t\t\t<div class=\"elementor-post__excerpt\">\n\t\t\t<p>Sharing knowledge, broadening perspectives, strengthening cooperation: On April 10, six social advisors from the Startbegleitung program of Interface Wien visited the training center of the Vocational Pedagogical Institute (BPI) of the \u00d6JAB.<\/p>\n\t\t<\/div>\n\t\t\n\t\t<a class=\"elementor-post__read-more\" href=\"https:\/\/www.interface-wien.at\/en\/%f0%9d%90%85%f0%9d%90%9a%f0%9d%90%9c%f0%9d%90%a1%f0%9d%90%a5%f0%9d%90%a2%f0%9d%90%9c%f0%9d%90%a1%f0%9d%90%9e%f0%9d%90%ab-%f0%9d%90%80%f0%9d%90%ae%f0%9d%90%ac%f0%9d%90%ad%f0%9d%90%9a%f0%9d%90%ae\/\" aria-label=\"Read more about Professional exchange strengthens consulting skills\" tabindex=\"-1\" >\n\t\t\tContinue reading\t\t<\/a>\n\n\t\t\t\t<\/div>\n\t\t\t\t<\/article>\n\t\t\t\t<article class=\"elementor-post elementor-grid-item post-14699 post type-post status-publish format-standard has-post-thumbnail hentry category-news\" role=\"listitem\">\n\t\t\t\t<a class=\"elementor-post__thumbnail__link\" href=\"https:\/\/www.interface-wien.at\/en\/online-anmeldung-fur-die-wiener-sommerdeutschkurse-2026-gestartet\/\" tabindex=\"-1\" >\n\t\t\t<div class=\"elementor-post__thumbnail\"><img decoding=\"async\" width=\"768\" height=\"324\" src=\"https:\/\/www.interface-wien.at\/wp-content\/uploads\/2026\/03\/SDK-ImageFoto-2026-768x324.jpg\" class=\"attachment-medium_large size-medium_large wp-image-14666\" alt=\"Sommerdeutschkurse 2026\" srcset=\"https:\/\/www.interface-wien.at\/wp-content\/uploads\/2026\/03\/SDK-ImageFoto-2026-768x324.jpg 768w, https:\/\/www.interface-wien.at\/wp-content\/uploads\/2026\/03\/SDK-ImageFoto-2026-800x337.jpg 800w, https:\/\/www.interface-wien.at\/wp-content\/uploads\/2026\/03\/SDK-ImageFoto-2026-1024x431.jpg 1024w, https:\/\/www.interface-wien.at\/wp-content\/uploads\/2026\/03\/SDK-ImageFoto-2026-400x169.jpg 400w, https:\/\/www.interface-wien.at\/wp-content\/uploads\/2026\/03\/SDK-ImageFoto-2026-1536x647.jpg 1536w, https:\/\/www.interface-wien.at\/wp-content\/uploads\/2026\/03\/SDK-ImageFoto-2026-2048x863.jpg 2048w, https:\/\/www.interface-wien.at\/wp-content\/uploads\/2026\/03\/SDK-ImageFoto-2026-18x8.jpg 18w\" sizes=\"(max-width: 768px) 100vw, 768px\" \/><\/div>\n\t\t<\/a>\n\t\t\t\t<div class=\"elementor-post__text\">\n\t\t\t\t<h3 class=\"elementor-post__title\">\n\t\t\t<a href=\"https:\/\/www.interface-wien.at\/en\/online-anmeldung-fur-die-wiener-sommerdeutschkurse-2026-gestartet\/\" >\n\t\t\t\tOnline registration for the Wiener Sommerdeutschkurse 2026 has started.\t\t\t<\/a>\n\t\t<\/h3>\n\t\t\t\t<div class=\"elementor-post__excerpt\">\n\t\t\t<p>Online registration for the Vienna Summer German Courses 2026 opened on April 1, 2026. The City of Vienna\u2019s free programme is specifically aimed at school beginners who will start primary school in Vienna in autumn 2026 as non-regular pupils.<\/p>\n\t\t<\/div>\n\t\t\n\t\t<a class=\"elementor-post__read-more\" href=\"https:\/\/www.interface-wien.at\/en\/online-anmeldung-fur-die-wiener-sommerdeutschkurse-2026-gestartet\/\" aria-label=\"Read more about the start of online registration for the Vienna summer German courses 2026.\" tabindex=\"-1\" >\n\t\t\tContinue reading\t\t<\/a>\n\n\t\t\t\t<\/div>\n\t\t\t\t<\/article>\n\t\t\t\t<\/div>\n\t\t\n\t\t\t\t\t\t<\/div>\n\t\t\t\t<\/div>\n\t\t\t\t\t<\/div>\n\t\t\t\t<\/div>\n\t\t\t\t<\/div>","protected":false},"excerpt":{"rendered":"<p>On September 20, the Islamic Center Vienna once again transformed into a place of opportunity. Whether it was German courses for a secure start in everyday life, tutoring for children that provided support and motivation for learning, opportunities to obtain educational qualifications, or information on funding for training and continuing education \u2013 there was the right information for everyone interested in education.<\/p>","protected":false},"author":3,"featured_media":14156,"comment_status":"closed","ping_status":"closed","sticky":false,"template":"","format":"standard","meta":{"_acf_changed":false,"footnotes":""},"categories":[35],"tags":[],"class_list":["post-14162","post","type-post","status-publish","format-standard","has-post-thumbnail","hentry","category-news"],"acf":[],"yoast_head":"<!-- This site is optimized with the Yoast SEO plugin v26.5 - https:\/\/yoast.com\/wordpress\/plugins\/seo\/ -->\n<title>Infotag am Islamischen Zentrum Wien - Interface Wien<\/title>\n<meta name=\"robots\" content=\"index, follow, max-snippet:-1, max-image-preview:large, max-video-preview:-1\" \/>\n<link rel=\"canonical\" href=\"https:\/\/www.interface-wien.at\/en\/infotag-am-islamischen-zentrum-wien\/\" \/>\n<meta property=\"og:locale\" content=\"en_GB\" \/>\n<meta property=\"og:type\" content=\"article\" \/>\n<meta property=\"og:title\" content=\"Infotag am Islamischen Zentrum Wien - Interface Wien\" \/>\n<meta property=\"og:description\" content=\"Am 20. September verwandelte sich das Islamische Zentrum Wien erneut in einen Ort der M\u00f6glichkeiten. Ob Deutschkurse f\u00fcr einen sicheren Start im Alltag, Nachhilfeangebote f\u00fcr Kinder, die Unterst\u00fctzung und Motivation im Lernen geben, M\u00f6glichkeiten, Bildungsabschl\u00fcsse nachzuholen, oder Informationen zu F\u00f6rderungen f\u00fcr Aus- und Weiterbildung \u2013 es gab f\u00fcr alle Bildungsinteressierten die passende Information.\" \/>\n<meta property=\"og:url\" content=\"https:\/\/www.interface-wien.at\/en\/infotag-am-islamischen-zentrum-wien\/\" \/>\n<meta property=\"og:site_name\" content=\"Interface Wien\" \/>\n<meta property=\"article:published_time\" content=\"2025-09-24T10:18:31+00:00\" \/>\n<meta property=\"article:modified_time\" content=\"2025-09-24T10:30:47+00:00\" \/>\n<meta property=\"og:image\" content=\"https:\/\/www.interface-wien.at\/wp-content\/uploads\/2025\/09\/20250920_1503111-scaled.jpg\" \/>\n\t<meta property=\"og:image:width\" content=\"1920\" \/>\n\t<meta property=\"og:image:height\" content=\"2560\" \/>\n\t<meta property=\"og:image:type\" content=\"image\/jpeg\" \/>\n<meta name=\"author\" content=\"Rado\" \/>\n<meta name=\"twitter:card\" content=\"summary_large_image\" \/>\n<meta name=\"twitter:label1\" content=\"Written by\" \/>\n\t<meta name=\"twitter:data1\" content=\"Rado\" \/>\n\t<meta name=\"twitter:label2\" content=\"Estimated reading time\" \/>\n\t<meta name=\"twitter:data2\" content=\"3 minutes\" \/>\n<script type=\"application\/ld+json\" class=\"yoast-schema-graph\">{\"@context\":\"https:\/\/schema.org\",\"@graph\":[{\"@type\":\"Article\",\"@id\":\"https:\/\/www.interface-wien.at\/infotag-am-islamischen-zentrum-wien\/#article\",\"isPartOf\":{\"@id\":\"https:\/\/www.interface-wien.at\/infotag-am-islamischen-zentrum-wien\/\"},\"author\":{\"name\":\"Rado\",\"@id\":\"https:\/\/www.interface-wien.at\/#\/schema\/person\/c04d4e5cb0faaa9a1c566e245a7fa680\"},\"headline\":\"Infotag am Islamischen Zentrum Wien\",\"datePublished\":\"2025-09-24T10:18:31+00:00\",\"dateModified\":\"2025-09-24T10:30:47+00:00\",\"mainEntityOfPage\":{\"@id\":\"https:\/\/www.interface-wien.at\/infotag-am-islamischen-zentrum-wien\/\"},\"wordCount\":132,\"publisher\":{\"@id\":\"https:\/\/www.interface-wien.at\/#organization\"},\"image\":{\"@id\":\"https:\/\/www.interface-wien.at\/infotag-am-islamischen-zentrum-wien\/#primaryimage\"},\"thumbnailUrl\":\"https:\/\/www.interface-wien.at\/wp-content\/uploads\/2025\/09\/20250920_1503111-scaled.jpg\",\"articleSection\":[\"News\"],\"inLanguage\":\"en-GB\"},{\"@type\":\"WebPage\",\"@id\":\"https:\/\/www.interface-wien.at\/infotag-am-islamischen-zentrum-wien\/\",\"url\":\"https:\/\/www.interface-wien.at\/infotag-am-islamischen-zentrum-wien\/\",\"name\":\"Infotag am Islamischen Zentrum Wien - Interface Wien\",\"isPartOf\":{\"@id\":\"https:\/\/www.interface-wien.at\/#website\"},\"primaryImageOfPage\":{\"@id\":\"https:\/\/www.interface-wien.at\/infotag-am-islamischen-zentrum-wien\/#primaryimage\"},\"image\":{\"@id\":\"https:\/\/www.interface-wien.at\/infotag-am-islamischen-zentrum-wien\/#primaryimage\"},\"thumbnailUrl\":\"https:\/\/www.interface-wien.at\/wp-content\/uploads\/2025\/09\/20250920_1503111-scaled.jpg\",\"datePublished\":\"2025-09-24T10:18:31+00:00\",\"dateModified\":\"2025-09-24T10:30:47+00:00\",\"breadcrumb\":{\"@id\":\"https:\/\/www.interface-wien.at\/infotag-am-islamischen-zentrum-wien\/#breadcrumb\"},\"inLanguage\":\"en-GB\",\"potentialAction\":[{\"@type\":\"ReadAction\",\"target\":[\"https:\/\/www.interface-wien.at\/infotag-am-islamischen-zentrum-wien\/\"]}]},{\"@type\":\"ImageObject\",\"inLanguage\":\"en-GB\",\"@id\":\"https:\/\/www.interface-wien.at\/infotag-am-islamischen-zentrum-wien\/#primaryimage\",\"url\":\"https:\/\/www.interface-wien.at\/wp-content\/uploads\/2025\/09\/20250920_1503111-scaled.jpg\",\"contentUrl\":\"https:\/\/www.interface-wien.at\/wp-content\/uploads\/2025\/09\/20250920_1503111-scaled.jpg\",\"width\":1920,\"height\":2560,\"caption\":\"das Interface Wien Team am Infotag zu Aus- und Weiterbildung 20.09.\"},{\"@type\":\"BreadcrumbList\",\"@id\":\"https:\/\/www.interface-wien.at\/infotag-am-islamischen-zentrum-wien\/#breadcrumb\",\"itemListElement\":[{\"@type\":\"ListItem\",\"position\":1,\"name\":\"Interface Wien\",\"item\":\"https:\/\/www.interface-wien.at\/\"},{\"@type\":\"ListItem\",\"position\":2,\"name\":\"Infotag am Islamischen Zentrum Wien\"}]},{\"@type\":\"WebSite\",\"@id\":\"https:\/\/www.interface-wien.at\/#website\",\"url\":\"https:\/\/www.interface-wien.at\/\",\"name\":\"Interface Wien\",\"description\":\"Ankommen begleiten - Zukunft gestalten\",\"publisher\":{\"@id\":\"https:\/\/www.interface-wien.at\/#organization\"},\"potentialAction\":[{\"@type\":\"SearchAction\",\"target\":{\"@type\":\"EntryPoint\",\"urlTemplate\":\"https:\/\/www.interface-wien.at\/?s={search_term_string}\"},\"query-input\":{\"@type\":\"PropertyValueSpecification\",\"valueRequired\":true,\"valueName\":\"search_term_string\"}}],\"inLanguage\":\"en-GB\"},{\"@type\":\"Organization\",\"@id\":\"https:\/\/www.interface-wien.at\/#organization\",\"name\":\"Interface Wien\",\"url\":\"https:\/\/www.interface-wien.at\/\",\"logo\":{\"@type\":\"ImageObject\",\"inLanguage\":\"en-GB\",\"@id\":\"https:\/\/www.interface-wien.at\/#\/schema\/logo\/image\/\",\"url\":\"https:\/\/www.interface-wien.at\/wp-content\/uploads\/2023\/12\/InterfaceWien-Logo.svg\",\"contentUrl\":\"https:\/\/www.interface-wien.at\/wp-content\/uploads\/2023\/12\/InterfaceWien-Logo.svg\",\"width\":840,\"height\":252,\"caption\":\"Interface Wien\"},\"image\":{\"@id\":\"https:\/\/www.interface-wien.at\/#\/schema\/logo\/image\/\"}},{\"@type\":\"Person\",\"@id\":\"https:\/\/www.interface-wien.at\/#\/schema\/person\/c04d4e5cb0faaa9a1c566e245a7fa680\",\"name\":\"Rado\",\"url\":\"https:\/\/www.interface-wien.at\/en\/author\/rado\/\"}]}<\/script>\n<!-- \/ Yoast SEO plugin. -->","yoast_head_json":{"title":"Information Day at the Islamic Center Vienna - Interface Vienna","robots":{"index":"index","follow":"follow","max-snippet":"max-snippet:-1","max-image-preview":"max-image-preview:large","max-video-preview":"max-video-preview:-1"},"canonical":"https:\/\/www.interface-wien.at\/en\/infotag-am-islamischen-zentrum-wien\/","og_locale":"en_GB","og_type":"article","og_title":"Infotag am Islamischen Zentrum Wien - Interface Wien","og_description":"Am 20. September verwandelte sich das Islamische Zentrum Wien erneut in einen Ort der M\u00f6glichkeiten. Ob Deutschkurse f\u00fcr einen sicheren Start im Alltag, Nachhilfeangebote f\u00fcr Kinder, die Unterst\u00fctzung und Motivation im Lernen geben, M\u00f6glichkeiten, Bildungsabschl\u00fcsse nachzuholen, oder Informationen zu F\u00f6rderungen f\u00fcr Aus- und Weiterbildung \u2013 es gab f\u00fcr alle Bildungsinteressierten die passende Information.","og_url":"https:\/\/www.interface-wien.at\/en\/infotag-am-islamischen-zentrum-wien\/","og_site_name":"Interface Wien","article_published_time":"2025-09-24T10:18:31+00:00","article_modified_time":"2025-09-24T10:30:47+00:00","og_image":[{"width":1920,"height":2560,"url":"https:\/\/www.interface-wien.at\/wp-content\/uploads\/2025\/09\/20250920_1503111-scaled.jpg","type":"image\/jpeg"}],"author":"Rado","twitter_card":"summary_large_image","twitter_misc":{"Written by":"Rado","Estimated reading time":"3 minutes"},"schema":{"@context":"https:\/\/schema.org","@graph":[{"@type":"Article","@id":"https:\/\/www.interface-wien.at\/infotag-am-islamischen-zentrum-wien\/#article","isPartOf":{"@id":"https:\/\/www.interface-wien.at\/infotag-am-islamischen-zentrum-wien\/"},"author":{"name":"Rado","@id":"https:\/\/www.interface-wien.at\/#\/schema\/person\/c04d4e5cb0faaa9a1c566e245a7fa680"},"headline":"Infotag am Islamischen Zentrum Wien","datePublished":"2025-09-24T10:18:31+00:00","dateModified":"2025-09-24T10:30:47+00:00","mainEntityOfPage":{"@id":"https:\/\/www.interface-wien.at\/infotag-am-islamischen-zentrum-wien\/"},"wordCount":132,"publisher":{"@id":"https:\/\/www.interface-wien.at\/#organization"},"image":{"@id":"https:\/\/www.interface-wien.at\/infotag-am-islamischen-zentrum-wien\/#primaryimage"},"thumbnailUrl":"https:\/\/www.interface-wien.at\/wp-content\/uploads\/2025\/09\/20250920_1503111-scaled.jpg","articleSection":["News"],"inLanguage":"en-GB"},{"@type":"WebPage","@id":"https:\/\/www.interface-wien.at\/infotag-am-islamischen-zentrum-wien\/","url":"https:\/\/www.interface-wien.at\/infotag-am-islamischen-zentrum-wien\/","name":"Information Day at the Islamic Center Vienna - Interface Vienna","isPartOf":{"@id":"https:\/\/www.interface-wien.at\/#website"},"primaryImageOfPage":{"@id":"https:\/\/www.interface-wien.at\/infotag-am-islamischen-zentrum-wien\/#primaryimage"},"image":{"@id":"https:\/\/www.interface-wien.at\/infotag-am-islamischen-zentrum-wien\/#primaryimage"},"thumbnailUrl":"https:\/\/www.interface-wien.at\/wp-content\/uploads\/2025\/09\/20250920_1503111-scaled.jpg","datePublished":"2025-09-24T10:18:31+00:00","dateModified":"2025-09-24T10:30:47+00:00","breadcrumb":{"@id":"https:\/\/www.interface-wien.at\/infotag-am-islamischen-zentrum-wien\/#breadcrumb"},"inLanguage":"en-GB","potentialAction":[{"@type":"ReadAction","target":["https:\/\/www.interface-wien.at\/infotag-am-islamischen-zentrum-wien\/"]}]},{"@type":"ImageObject","inLanguage":"en-GB","@id":"https:\/\/www.interface-wien.at\/infotag-am-islamischen-zentrum-wien\/#primaryimage","url":"https:\/\/www.interface-wien.at\/wp-content\/uploads\/2025\/09\/20250920_1503111-scaled.jpg","contentUrl":"https:\/\/www.interface-wien.at\/wp-content\/uploads\/2025\/09\/20250920_1503111-scaled.jpg","width":1920,"height":2560,"caption":"das Interface Wien Team am Infotag zu Aus- und Weiterbildung 20.09."},{"@type":"BreadcrumbList","@id":"https:\/\/www.interface-wien.at\/infotag-am-islamischen-zentrum-wien\/#breadcrumb","itemListElement":[{"@type":"ListItem","position":1,"name":"Interface Wien","item":"https:\/\/www.interface-wien.at\/"},{"@type":"ListItem","position":2,"name":"Infotag am Islamischen Zentrum Wien"}]},{"@type":"WebSite","@id":"https:\/\/www.interface-wien.at\/#website","url":"https:\/\/www.interface-wien.at\/","name":"Interface Wien","description":"Accompany your arrival - shape the future","publisher":{"@id":"https:\/\/www.interface-wien.at\/#organization"},"potentialAction":[{"@type":"SearchAction","target":{"@type":"EntryPoint","urlTemplate":"https:\/\/www.interface-wien.at\/?s={search_term_string}"},"query-input":{"@type":"PropertyValueSpecification","valueRequired":true,"valueName":"search_term_string"}}],"inLanguage":"en-GB"},{"@type":"Organization","@id":"https:\/\/www.interface-wien.at\/#organization","name":"Interface Wien","url":"https:\/\/www.interface-wien.at\/","logo":{"@type":"ImageObject","inLanguage":"en-GB","@id":"https:\/\/www.interface-wien.at\/#\/schema\/logo\/image\/","url":"https:\/\/www.interface-wien.at\/wp-content\/uploads\/2023\/12\/InterfaceWien-Logo.svg","contentUrl":"https:\/\/www.interface-wien.at\/wp-content\/uploads\/2023\/12\/InterfaceWien-Logo.svg","width":840,"height":252,"caption":"Interface Wien"},"image":{"@id":"https:\/\/www.interface-wien.at\/#\/schema\/logo\/image\/"}},{"@type":"Person","@id":"https:\/\/www.interface-wien.at\/#\/schema\/person\/c04d4e5cb0faaa9a1c566e245a7fa680","name":"Rado","url":"https:\/\/www.interface-wien.at\/en\/author\/rado\/"}]}},"_links":{"self":[{"href":"https:\/\/www.interface-wien.at\/en\/wp-json\/wp\/v2\/posts\/14162","targetHints":{"allow":["GET"]}}],"collection":[{"href":"https:\/\/www.interface-wien.at\/en\/wp-json\/wp\/v2\/posts"}],"about":[{"href":"https:\/\/www.interface-wien.at\/en\/wp-json\/wp\/v2\/types\/post"}],"author":[{"embeddable":true,"href":"https:\/\/www.interface-wien.at\/en\/wp-json\/wp\/v2\/users\/3"}],"replies":[{"embeddable":true,"href":"https:\/\/www.interface-wien.at\/en\/wp-json\/wp\/v2\/comments?post=14162"}],"version-history":[{"count":11,"href":"https:\/\/www.interface-wien.at\/en\/wp-json\/wp\/v2\/posts\/14162\/revisions"}],"predecessor-version":[{"id":14173,"href":"https:\/\/www.interface-wien.at\/en\/wp-json\/wp\/v2\/posts\/14162\/revisions\/14173"}],"wp:featuredmedia":[{"embeddable":true,"href":"https:\/\/www.interface-wien.at\/en\/wp-json\/wp\/v2\/media\/14156"}],"wp:attachment":[{"href":"https:\/\/www.interface-wien.at\/en\/wp-json\/wp\/v2\/media?parent=14162"}],"wp:term":[{"taxonomy":"category","embeddable":true,"href":"https:\/\/www.interface-wien.at\/en\/wp-json\/wp\/v2\/categories?post=14162"},{"taxonomy":"post_tag","embeddable":true,"href":"https:\/\/www.interface-wien.at\/en\/wp-json\/wp\/v2\/tags?post=14162"}],"curies":[{"name":"wp","href":"https:\/\/api.w.org\/{rel}","templated":true}]}}