{"id":14337,"date":"2025-12-09T16:12:13","date_gmt":"2025-12-09T15:12:13","guid":{"rendered":"https:\/\/www.interface-wien.at\/?p=14337"},"modified":"2025-12-09T16:18:58","modified_gmt":"2025-12-09T15:18:58","slug":"erfolgreicher-kompetenzcheck-23-junge-menschen-starten-in-den-pflichtschulabschlusskurs","status":"publish","type":"post","link":"https:\/\/www.interface-wien.at\/en\/erfolgreicher-kompetenzcheck-23-junge-menschen-starten-in-den-pflichtschulabschlusskurs\/","title":{"rendered":"Successful skills assessment: 23 young people start the compulsory school leaving certificate course"},"content":{"rendered":"<div data-elementor-type=\"wp-post\" data-elementor-id=\"14337\" class=\"elementor elementor-14337\" data-elementor-post-type=\"post\">\n\t\t\t\t<div class=\"elementor-element elementor-element-3425aeda e-flex e-con-boxed e-con e-parent\" data-id=\"3425aeda\" data-element_type=\"container\" data-e-type=\"container\">\n\t\t\t\t\t<div class=\"e-con-inner\">\n\t\t\t\t<div class=\"elementor-element elementor-element-7f50ea3a elementor-widget elementor-widget-global elementor-global-2681 elementor-widget-breadcrumbs\" data-id=\"7f50ea3a\" data-element_type=\"widget\" data-e-type=\"widget\" data-widget_type=\"breadcrumbs.default\">\n\t\t\t\t<div class=\"elementor-widget-container\">\n\t\t\t\t\t<p id=\"breadcrumbs\"><span><span><a href=\"https:\/\/www.interface-wien.at\/en\/\">Interface Wien<\/a><\/span><\/span><\/p>\t\t\t\t<\/div>\n\t\t\t\t<\/div>\n\t\t\t\t\t<\/div>\n\t\t\t\t<\/div>\n\t\t<div class=\"elementor-element elementor-element-570c9d5 e-flex e-con-boxed e-con e-parent\" data-id=\"570c9d5\" data-element_type=\"container\" data-e-type=\"container\">\n\t\t\t\t\t<div class=\"e-con-inner\">\n\t\t<div class=\"elementor-element elementor-element-6903d95 e-con-full e-flex e-con e-child\" data-id=\"6903d95\" data-element_type=\"container\" data-e-type=\"container\">\n\t\t\t\t<div class=\"elementor-element elementor-element-6ef8572 elementor-widget__width-inherit elementor-widget elementor-widget-heading\" data-id=\"6ef8572\" data-element_type=\"widget\" data-e-type=\"widget\" data-widget_type=\"heading.default\">\n\t\t\t\t<div class=\"elementor-widget-container\">\n\t\t\t\t\t<h1 class=\"elementor-heading-title elementor-size-default\">Successful skills assessment: 23 young people start the compulsory school leaving certificate course<\/h1>\t\t\t\t<\/div>\n\t\t\t\t<\/div>\n\t\t\t\t<\/div>\n\t\t\t\t\t<\/div>\n\t\t\t\t<\/div>\n\t\t<div class=\"elementor-element elementor-element-3e1a6782 e-flex e-con-boxed e-con e-parent\" data-id=\"3e1a6782\" data-element_type=\"container\" data-e-type=\"container\">\n\t\t\t\t\t<div class=\"e-con-inner\">\n\t\t<div class=\"elementor-element elementor-element-5eb0cb61 e-con-full e-flex e-con e-child\" data-id=\"5eb0cb61\" data-element_type=\"container\" data-e-type=\"container\">\n\t\t\t\t<div class=\"elementor-element elementor-element-6cb34c95 elementor-widget elementor-widget-text-editor\" data-id=\"6cb34c95\" data-element_type=\"widget\" data-e-type=\"widget\" data-widget_type=\"text-editor.default\">\n\t\t\t\t<div class=\"elementor-widget-container\">\n\t\t\t\t\t\t\t\t\t<p>Tomorrow is Human Rights Day. Education is a human right, and young people  in the project. <a href=\"https:\/\/www.interface-wien.at\/en\/projekte-basisbildung\/\">Basisbildung Interface Wien<\/a> are currently demonstrating what becomes possible when this right is put into practice. For 24 young people and young adults between the ages of 16 and 24, it was an important step: they joined the <strong data-start=\"409\" data-end=\"427\">Skills Assessment<\/strong> \u2013 a written test in German, mathematics and English, which enables entry into the compulsory school leaving course.<\/p><p data-start=\"564\" data-end=\"856\" class=\"translation-block\">The participants come from four groups of the highest course level of <a href=\"https:\/\/www.interface-wien.at\/basisbildung-kurse-jugendliche\/\" target=\"_self\">InterSpace<\/a> (#4) and have spent more than a year intensively learning, practicing and systematically preparing for their next educational path in <a href=\"https:\/\/www.interface-wien.at\/en\/projekte-basisbildung\/\" target=\"_self\">the Basisbildung Interface Wien<\/a> project.<\/p><p data-start=\"858\" data-end=\"1013\">The skills assessment takes approximately 2.5 hours and demands a high degree of concentration, stamina, and professional competence from the participants. The result is all the more gratifying: <strong>23 out of 24 people \u2013 that is, 96 % \u2013 passed the test successfully.<\/strong><\/p><p data-start=\"1129\" data-end=\"1353\">These young adults will now start on February 9, 2026 at the <a href=\"https:\/\/www.vhs.at\/de\/e\/polycollege\/kontakt#vhs-polycollege-johannagasse\" target=\"_blank\" rel=\"noopener\">VHS polycollege (Johannagasse 2, 1050 Vienna)<\/a> into the compulsory school leaving course, which ends after about a year with the certificate of the eighth grade.<\/p><p data-start=\"1355\" data-end=\"1556\">A special sign of the successful collaboration: Interface Vienna&#039;s basic education program thus provides more than half of all course places \u2013 23 out of a total of 40 \u2013 at the VHS polycollege.<\/p><p data-start=\"1558\" data-end=\"1711\">We warmly congratulate all participants on their success and wish them a motivating start to the next step of their educational journey!<\/p>\t\t\t\t\t\t\t\t<\/div>\n\t\t\t\t<\/div>\n\t\t\t\t<\/div>\n\t\t<div class=\"elementor-element elementor-element-4164a25c e-con-full e-flex e-con e-child\" data-id=\"4164a25c\" data-element_type=\"container\" data-e-type=\"container\">\n\t\t\t\t<div class=\"elementor-element elementor-element-1a6e9804 elementor-skin-carousel elementor-arrows-yes elementor-pagination-type-bullets elementor-pagination-position-outside elementor-widget elementor-widget-media-carousel\" data-id=\"1a6e9804\" data-element_type=\"widget\" data-e-type=\"widget\" data-settings=\"{&quot;lazyload&quot;:&quot;yes&quot;,&quot;effect&quot;:&quot;fade&quot;,&quot;skin&quot;:&quot;carousel&quot;,&quot;show_arrows&quot;:&quot;yes&quot;,&quot;pagination&quot;:&quot;bullets&quot;,&quot;speed&quot;:500,&quot;loop&quot;:&quot;yes&quot;,&quot;space_between&quot;:{&quot;unit&quot;:&quot;px&quot;,&quot;size&quot;:10,&quot;sizes&quot;:[]},&quot;space_between_tablet&quot;:{&quot;unit&quot;:&quot;px&quot;,&quot;size&quot;:10,&quot;sizes&quot;:[]},&quot;space_between_mobile&quot;:{&quot;unit&quot;:&quot;px&quot;,&quot;size&quot;:10,&quot;sizes&quot;:[]}}\" data-widget_type=\"media-carousel.default\">\n\t\t\t\t<div class=\"elementor-widget-container\">\n\t\t\t\t\t\t\t\t\t<div class=\"elementor-swiper\">\n\t\t\t\t\t<div class=\"elementor-main-swiper swiper\" role=\"region\" aria-roledescription=\"carousel\" aria-label=\"Slides\">\n\t\t\t\t<div class=\"swiper-wrapper\">\n\t\t\t\t\t\t\t\t\t\t\t<div class=\"swiper-slide\" role=\"group\" aria-roledescription=\"slide\">\n\t\t\t\t\t\t\t<a href=\"https:\/\/www.interface-wien.at\/wp-content\/uploads\/2025\/12\/BaBi_Foto-Sprung.png\" data-elementor-open-lightbox=\"yes\" data-elementor-lightbox-slideshow=\"1a6e9804\" data-elementor-lightbox-title=\"BaBi_Foto Sprung\" data-elementor-lightbox-description=\"BaBi Gruppe M\u00e4dchen im Sprung\" data-e-action-hash=\"#elementor-action%3Aaction%3Dlightbox%26settings%3DeyJpZCI6MTQzMzUsInVybCI6Imh0dHBzOlwvXC93d3cuaW50ZXJmYWNlLXdpZW4uYXRcL3dwLWNvbnRlbnRcL3VwbG9hZHNcLzIwMjVcLzEyXC9CYUJpX0ZvdG8tU3BydW5nLnBuZyIsInNsaWRlc2hvdyI6IjFhNmU5ODA0In0%3D\">\t\t<div class=\"elementor-carousel-image swiper-lazy\" role=\"img\" aria-label=\"BaBi Group Girls in Jump\" data-background=\"https:\/\/www.interface-wien.at\/wp-content\/uploads\/2025\/12\/BaBi_Foto-Sprung.png\">\n\n\t\t\t\t\t\t\t<div class=\"swiper-lazy-preloader\"><\/div>\n\t\t\t\n\t\t\t\t\t<\/div>\n\t\t<\/a>\t\t\t\t\t\t<\/div>\n\t\t\t\t\t\t\t\t\t\t\t<div class=\"swiper-slide\" role=\"group\" aria-roledescription=\"slide\">\n\t\t\t\t\t\t\t<a href=\"https:\/\/www.interface-wien.at\/wp-content\/uploads\/2025\/12\/Zertifikat-BaBi-scaled.png\" data-elementor-open-lightbox=\"yes\" data-elementor-lightbox-slideshow=\"1a6e9804\" data-elementor-lightbox-title=\"Zertifikat BaBi\" data-elementor-lightbox-description=\"Kurszertifikat Basisbildung Interface Wien\" data-e-action-hash=\"#elementor-action%3Aaction%3Dlightbox%26settings%3DeyJpZCI6MTQzMzYsInVybCI6Imh0dHBzOlwvXC93d3cuaW50ZXJmYWNlLXdpZW4uYXRcL3dwLWNvbnRlbnRcL3VwbG9hZHNcLzIwMjVcLzEyXC9aZXJ0aWZpa2F0LUJhQmktc2NhbGVkLnBuZyIsInNsaWRlc2hvdyI6IjFhNmU5ODA0In0%3D\">\t\t<div class=\"elementor-carousel-image swiper-lazy\" role=\"img\" aria-label=\"Course certificate Basic education Interface Vienna\" data-background=\"https:\/\/www.interface-wien.at\/wp-content\/uploads\/2025\/12\/Zertifikat-BaBi-scaled.png\">\n\n\t\t\t\t\t\t\t<div class=\"swiper-lazy-preloader\"><\/div>\n\t\t\t\n\t\t\t\t\t<\/div>\n\t\t<\/a>\t\t\t\t\t\t<\/div>\n\t\t\t\t\t\t\t\t\t\t\t<div class=\"swiper-slide\" role=\"group\" aria-roledescription=\"slide\">\n\t\t\t\t\t\t\t<a href=\"https:\/\/www.interface-wien.at\/wp-content\/uploads\/2023\/10\/alexas_fotos-x1CLah6pv6g-unsplash-1-scaled.jpg\" data-elementor-open-lightbox=\"yes\" data-elementor-lightbox-slideshow=\"1a6e9804\" data-elementor-lightbox-title=\"alexas_fotos-x1CLah6pv6g-unsplash (1)\" data-e-action-hash=\"#elementor-action%3Aaction%3Dlightbox%26settings%3DeyJpZCI6MTU3LCJ1cmwiOiJodHRwczpcL1wvd3d3LmludGVyZmFjZS13aWVuLmF0XC93cC1jb250ZW50XC91cGxvYWRzXC8yMDIzXC8xMFwvYWxleGFzX2ZvdG9zLXgxQ0xhaDZwdjZnLXVuc3BsYXNoLTEtc2NhbGVkLmpwZyIsInNsaWRlc2hvdyI6IjFhNmU5ODA0In0%3D\">\t\t<div class=\"elementor-carousel-image swiper-lazy\" role=\"img\" aria-label=\"alexas_fotos-x1CLah6pv6g-unsplash (1)\" data-background=\"https:\/\/www.interface-wien.at\/wp-content\/uploads\/2023\/10\/alexas_fotos-x1CLah6pv6g-unsplash-1-scaled.jpg\">\n\n\t\t\t\t\t\t\t<div class=\"swiper-lazy-preloader\"><\/div>\n\t\t\t\n\t\t\t\t\t<\/div>\n\t\t<\/a>\t\t\t\t\t\t<\/div>\n\t\t\t\t\t\t\t\t\t<\/div>\n\t\t\t\t\t\t\t\t\t\t\t\t\t\t\t<div class=\"elementor-swiper-button elementor-swiper-button-prev\" role=\"button\" tabindex=\"0\" aria-label=\"Previous\">\n\t\t\t\t\t\t\t<i aria-hidden=\"true\" class=\"eicon-chevron-left\"><\/i>\t\t\t\t\t\t<\/div>\n\t\t\t\t\t\t<div class=\"elementor-swiper-button elementor-swiper-button-next\" role=\"button\" tabindex=\"0\" aria-label=\"Next\">\n\t\t\t\t\t\t\t<i aria-hidden=\"true\" class=\"eicon-chevron-right\"><\/i>\t\t\t\t\t\t<\/div>\n\t\t\t\t\t\t\t\t\t\t\t\t\t\t\t\t<div class=\"swiper-pagination\"><\/div>\n\t\t\t\t\t\t\t\t\t\t\t\t<\/div>\n\t\t\t\t<\/div>\n\t\t\t\t\t\t\t\t<\/div>\n\t\t\t\t<\/div>\n\t\t\t\t<\/div>\n\t\t\t\t\t<\/div>\n\t\t\t\t<\/div>\n\t\t<div class=\"elementor-element elementor-element-56886343 e-flex e-con-boxed e-con e-parent\" data-id=\"56886343\" data-element_type=\"container\" data-e-type=\"container\" data-settings=\"{&quot;background_background&quot;:&quot;classic&quot;}\">\n\t\t\t\t\t<div class=\"e-con-inner\">\n\t\t\t\t<div class=\"elementor-element elementor-element-22b32deb elementor-widget elementor-widget-post-navigation\" data-id=\"22b32deb\" data-element_type=\"widget\" data-e-type=\"widget\" data-widget_type=\"post-navigation.default\">\n\t\t\t\t<div class=\"elementor-widget-container\">\n\t\t\t\t\t\t\t<div class=\"elementor-post-navigation\" role=\"navigation\" aria-label=\"Post Navigation\">\n\t\t\t<div class=\"elementor-post-navigation__prev elementor-post-navigation__link\">\n\t\t\t\t<a href=\"https:\/\/www.interface-wien.at\/en\/ein-tag-voller-resonanz-die-basisbildung-macht-klausur\/\" rel=\"prev\"><span class=\"post-navigation__arrow-wrapper post-navigation__arrow-prev\"><i aria-hidden=\"true\" class=\"fas fa-chevron-left\"><\/i><span class=\"elementor-screen-only\">Previous<\/span><\/span><span class=\"elementor-post-navigation__link__prev\"><span class=\"post-navigation__prev--label\">Previous post<\/span><span class=\"post-navigation__prev--title\">A day full of feedback \u2013 basic education is taking a break<\/span><\/span><\/a>\t\t\t<\/div>\n\t\t\t\t\t\t<div class=\"elementor-post-navigation__next elementor-post-navigation__link\">\n\t\t\t\t<a href=\"https:\/\/www.interface-wien.at\/en\/schriftlos-heist-nicht-sprachlos-stimmen-die-sichtbar-werden\/\" rel=\"next\"><span class=\"elementor-post-navigation__link__next\"><span class=\"post-navigation__next--label\">Next post<\/span><span class=\"post-navigation__next--title\">\u201eSchriftlos hei\u00dft nicht sprachlos\u201c \u2013 Voices that become visible<\/span><\/span><span class=\"post-navigation__arrow-wrapper post-navigation__arrow-next\"><i aria-hidden=\"true\" class=\"fas fa-chevron-right\"><\/i><span class=\"elementor-screen-only\">Next<\/span><\/span><\/a>\t\t\t<\/div>\n\t\t<\/div>\n\t\t\t\t\t\t<\/div>\n\t\t\t\t<\/div>\n\t\t\t\t\t<\/div>\n\t\t\t\t<\/div>\n\t\t<div class=\"elementor-element elementor-element-7a0e046a e-flex e-con-boxed e-con e-parent\" data-id=\"7a0e046a\" data-element_type=\"container\" data-e-type=\"container\">\n\t\t\t\t\t<div class=\"e-con-inner\">\n\t\t\t\t<div class=\"elementor-element elementor-element-759829bb elementor-widget elementor-widget-heading\" data-id=\"759829bb\" data-element_type=\"widget\" data-e-type=\"widget\" data-widget_type=\"heading.default\">\n\t\t\t\t<div class=\"elementor-widget-container\">\n\t\t\t\t\t<h2 class=\"elementor-heading-title elementor-size-default\">More articles<\/h2>\t\t\t\t<\/div>\n\t\t\t\t<\/div>\n\t\t\t\t<div class=\"elementor-element elementor-element-17f58039 elementor-grid-tablet-3 elementor-grid-3 elementor-grid-mobile-1 elementor-posts--thumbnail-top elementor-widget elementor-widget-global elementor-global-2620 elementor-widget-posts\" data-id=\"17f58039\" data-element_type=\"widget\" data-e-type=\"widget\" data-settings=\"{&quot;classic_columns_tablet&quot;:&quot;3&quot;,&quot;classic_columns&quot;:&quot;3&quot;,&quot;classic_columns_mobile&quot;:&quot;1&quot;,&quot;classic_row_gap&quot;:{&quot;unit&quot;:&quot;px&quot;,&quot;size&quot;:35,&quot;sizes&quot;:[]},&quot;classic_row_gap_tablet&quot;:{&quot;unit&quot;:&quot;px&quot;,&quot;size&quot;:&quot;&quot;,&quot;sizes&quot;:[]},&quot;classic_row_gap_mobile&quot;:{&quot;unit&quot;:&quot;px&quot;,&quot;size&quot;:&quot;&quot;,&quot;sizes&quot;:[]}}\" data-widget_type=\"posts.classic\">\n\t\t\t\t<div class=\"elementor-widget-container\">\n\t\t\t\t\t\t\t<div class=\"elementor-posts-container elementor-posts elementor-posts--skin-classic elementor-grid\" role=\"list\">\n\t\t\t\t<article class=\"elementor-post elementor-grid-item post-14799 post type-post status-publish format-standard has-post-thumbnail hentry category-news\" role=\"listitem\">\n\t\t\t\t<a class=\"elementor-post__thumbnail__link\" href=\"https:\/\/www.interface-wien.at\/en\/besuch-im-startwien-college-fachkrafte-von-morgen-im-blick\/\" tabindex=\"-1\" >\n\t\t\t<div class=\"elementor-post__thumbnail\"><img fetchpriority=\"high\" decoding=\"async\" width=\"768\" height=\"432\" src=\"https:\/\/www.interface-wien.at\/wp-content\/uploads\/2026\/04\/WhatsApp-Image-2026-04-21-at-11.23.28-768x432.jpeg\" class=\"attachment-medium_large size-medium_large wp-image-14795\" alt=\"Besuch beim StartWien College, Vizeb\u00fcrgermeisterin Bettina Emmerling und die Leiterin von MA 17 Theodora Manolakos\" srcset=\"https:\/\/www.interface-wien.at\/wp-content\/uploads\/2026\/04\/WhatsApp-Image-2026-04-21-at-11.23.28-768x432.jpeg 768w, https:\/\/www.interface-wien.at\/wp-content\/uploads\/2026\/04\/WhatsApp-Image-2026-04-21-at-11.23.28-800x450.jpeg 800w, https:\/\/www.interface-wien.at\/wp-content\/uploads\/2026\/04\/WhatsApp-Image-2026-04-21-at-11.23.28-1024x576.jpeg 1024w, https:\/\/www.interface-wien.at\/wp-content\/uploads\/2026\/04\/WhatsApp-Image-2026-04-21-at-11.23.28-400x225.jpeg 400w, https:\/\/www.interface-wien.at\/wp-content\/uploads\/2026\/04\/WhatsApp-Image-2026-04-21-at-11.23.28-1536x864.jpeg 1536w, https:\/\/www.interface-wien.at\/wp-content\/uploads\/2026\/04\/WhatsApp-Image-2026-04-21-at-11.23.28-18x10.jpeg 18w, https:\/\/www.interface-wien.at\/wp-content\/uploads\/2026\/04\/WhatsApp-Image-2026-04-21-at-11.23.28.jpeg 1920w\" sizes=\"(max-width: 768px) 100vw, 768px\" \/><\/div>\n\t\t<\/a>\n\t\t\t\t<div class=\"elementor-post__text\">\n\t\t\t\t<h3 class=\"elementor-post__title\">\n\t\t\t<a href=\"https:\/\/www.interface-wien.at\/en\/besuch-im-startwien-college-fachkrafte-von-morgen-im-blick\/\" >\n\t\t\t\tVisit to StartWien College: Focusing on tomorrow&#039;s skilled workers\t\t\t<\/a>\n\t\t<\/h3>\n\t\t\t\t<div class=\"elementor-post__excerpt\">\n\t\t\t<p>Today at StartWien College we were pleased to welcome Vienna&#039;s Deputy Mayor Bettina Emmerling and Theodora Manolakos, Head of the City of Vienna - Integration and Diversity.<\/p>\n<p class=\"translation-block\">The young participants guided the tour of the <a href=\"https:\/\/www.interface-wien.at\/en\/projekte-startwien-college\/\" target=\"_blank\" rel=\"noopener\">StartWien College<\/a> themselves, offering insights into their journeys, goals, and future plans. In doing so, it became clear what the programme is all about:  <strong data-start=\"425\" data-end=\"454\">catching up and moving ahead<\/strong>.<\/p>\n\t\t<\/div>\n\t\t\n\t\t<a class=\"elementor-post__read-more\" href=\"https:\/\/www.interface-wien.at\/en\/besuch-im-startwien-college-fachkrafte-von-morgen-im-blick\/\" aria-label=\"Read more about visiting StartWien College: Focusing on tomorrow&#039;s skilled workers\" tabindex=\"-1\" >\n\t\t\tContinue reading\t\t<\/a>\n\n\t\t\t\t<\/div>\n\t\t\t\t<\/article>\n\t\t\t\t<article class=\"elementor-post elementor-grid-item post-14761 post type-post status-publish format-standard has-post-thumbnail hentry category-news\" role=\"listitem\">\n\t\t\t\t<a class=\"elementor-post__thumbnail__link\" href=\"https:\/\/www.interface-wien.at\/en\/%f0%9d%90%85%f0%9d%90%9a%f0%9d%90%9c%f0%9d%90%a1%f0%9d%90%a5%f0%9d%90%a2%f0%9d%90%9c%f0%9d%90%a1%f0%9d%90%9e%f0%9d%90%ab-%f0%9d%90%80%f0%9d%90%ae%f0%9d%90%ac%f0%9d%90%ad%f0%9d%90%9a%f0%9d%90%ae\/\" tabindex=\"-1\" >\n\t\t\t<div class=\"elementor-post__thumbnail\"><img decoding=\"async\" width=\"768\" height=\"576\" src=\"https:\/\/www.interface-wien.at\/wp-content\/uploads\/2026\/04\/SFA-_BPI-2-768x576.jpg\" class=\"attachment-medium_large size-medium_large wp-image-14760\" alt=\"Besuch Berater*innen der Startbegleitung von Interface Wien bei dem BPI der \u00d6JAB\" srcset=\"https:\/\/www.interface-wien.at\/wp-content\/uploads\/2026\/04\/SFA-_BPI-2-768x576.jpg 768w, https:\/\/www.interface-wien.at\/wp-content\/uploads\/2026\/04\/SFA-_BPI-2-800x600.jpg 800w, https:\/\/www.interface-wien.at\/wp-content\/uploads\/2026\/04\/SFA-_BPI-2-1024x768.jpg 1024w, https:\/\/www.interface-wien.at\/wp-content\/uploads\/2026\/04\/SFA-_BPI-2-400x300.jpg 400w, https:\/\/www.interface-wien.at\/wp-content\/uploads\/2026\/04\/SFA-_BPI-2-1536x1152.jpg 1536w, https:\/\/www.interface-wien.at\/wp-content\/uploads\/2026\/04\/SFA-_BPI-2-2048x1536.jpg 2048w, https:\/\/www.interface-wien.at\/wp-content\/uploads\/2026\/04\/SFA-_BPI-2-16x12.jpg 16w\" sizes=\"(max-width: 768px) 100vw, 768px\" \/><\/div>\n\t\t<\/a>\n\t\t\t\t<div class=\"elementor-post__text\">\n\t\t\t\t<h3 class=\"elementor-post__title\">\n\t\t\t<a href=\"https:\/\/www.interface-wien.at\/en\/%f0%9d%90%85%f0%9d%90%9a%f0%9d%90%9c%f0%9d%90%a1%f0%9d%90%a5%f0%9d%90%a2%f0%9d%90%9c%f0%9d%90%a1%f0%9d%90%9e%f0%9d%90%ab-%f0%9d%90%80%f0%9d%90%ae%f0%9d%90%ac%f0%9d%90%ad%f0%9d%90%9a%f0%9d%90%ae\/\" >\n\t\t\t\tProfessional exchange strengthens consulting expertise\t\t\t<\/a>\n\t\t<\/h3>\n\t\t\t\t<div class=\"elementor-post__excerpt\">\n\t\t\t<p>Sharing knowledge, broadening perspectives, strengthening cooperation: On April 10, six social advisors from the Startbegleitung program of Interface Wien visited the training center of the Vocational Pedagogical Institute (BPI) of the \u00d6JAB.<\/p>\n\t\t<\/div>\n\t\t\n\t\t<a class=\"elementor-post__read-more\" href=\"https:\/\/www.interface-wien.at\/en\/%f0%9d%90%85%f0%9d%90%9a%f0%9d%90%9c%f0%9d%90%a1%f0%9d%90%a5%f0%9d%90%a2%f0%9d%90%9c%f0%9d%90%a1%f0%9d%90%9e%f0%9d%90%ab-%f0%9d%90%80%f0%9d%90%ae%f0%9d%90%ac%f0%9d%90%ad%f0%9d%90%9a%f0%9d%90%ae\/\" aria-label=\"Read more about Professional exchange strengthens consulting skills\" tabindex=\"-1\" >\n\t\t\tContinue reading\t\t<\/a>\n\n\t\t\t\t<\/div>\n\t\t\t\t<\/article>\n\t\t\t\t<article class=\"elementor-post elementor-grid-item post-14699 post type-post status-publish format-standard has-post-thumbnail hentry category-news\" role=\"listitem\">\n\t\t\t\t<a class=\"elementor-post__thumbnail__link\" href=\"https:\/\/www.interface-wien.at\/en\/online-anmeldung-fur-die-wiener-sommerdeutschkurse-2026-gestartet\/\" tabindex=\"-1\" >\n\t\t\t<div class=\"elementor-post__thumbnail\"><img decoding=\"async\" width=\"768\" height=\"324\" src=\"https:\/\/www.interface-wien.at\/wp-content\/uploads\/2026\/03\/SDK-ImageFoto-2026-768x324.jpg\" class=\"attachment-medium_large size-medium_large wp-image-14666\" alt=\"Sommerdeutschkurse 2026\" srcset=\"https:\/\/www.interface-wien.at\/wp-content\/uploads\/2026\/03\/SDK-ImageFoto-2026-768x324.jpg 768w, https:\/\/www.interface-wien.at\/wp-content\/uploads\/2026\/03\/SDK-ImageFoto-2026-800x337.jpg 800w, https:\/\/www.interface-wien.at\/wp-content\/uploads\/2026\/03\/SDK-ImageFoto-2026-1024x431.jpg 1024w, https:\/\/www.interface-wien.at\/wp-content\/uploads\/2026\/03\/SDK-ImageFoto-2026-400x169.jpg 400w, https:\/\/www.interface-wien.at\/wp-content\/uploads\/2026\/03\/SDK-ImageFoto-2026-1536x647.jpg 1536w, https:\/\/www.interface-wien.at\/wp-content\/uploads\/2026\/03\/SDK-ImageFoto-2026-2048x863.jpg 2048w, https:\/\/www.interface-wien.at\/wp-content\/uploads\/2026\/03\/SDK-ImageFoto-2026-18x8.jpg 18w\" sizes=\"(max-width: 768px) 100vw, 768px\" \/><\/div>\n\t\t<\/a>\n\t\t\t\t<div class=\"elementor-post__text\">\n\t\t\t\t<h3 class=\"elementor-post__title\">\n\t\t\t<a href=\"https:\/\/www.interface-wien.at\/en\/online-anmeldung-fur-die-wiener-sommerdeutschkurse-2026-gestartet\/\" >\n\t\t\t\tOnline registration for the Wiener Sommerdeutschkurse 2026 has started.\t\t\t<\/a>\n\t\t<\/h3>\n\t\t\t\t<div class=\"elementor-post__excerpt\">\n\t\t\t<p>Online registration for the Vienna Summer German Courses 2026 opened on April 1, 2026. The City of Vienna\u2019s free programme is specifically aimed at school beginners who will start primary school in Vienna in autumn 2026 as non-regular pupils.<\/p>\n\t\t<\/div>\n\t\t\n\t\t<a class=\"elementor-post__read-more\" href=\"https:\/\/www.interface-wien.at\/en\/online-anmeldung-fur-die-wiener-sommerdeutschkurse-2026-gestartet\/\" aria-label=\"Read more about the start of online registration for the Vienna summer German courses 2026.\" tabindex=\"-1\" >\n\t\t\tContinue reading\t\t<\/a>\n\n\t\t\t\t<\/div>\n\t\t\t\t<\/article>\n\t\t\t\t<\/div>\n\t\t\n\t\t\t\t\t\t<\/div>\n\t\t\t\t<\/div>\n\t\t\t\t\t<\/div>\n\t\t\t\t<\/div>\n\t\t\t\t<\/div>","protected":false},"excerpt":{"rendered":"<p>Tomorrow is Human Rights Day. Education is a human right, and young people in the Interface Wien  project Basisbildung are demonstrating what becomes possible when this right is put into practice. For 24 young people and young adults between the ages of 16 and 24, it was an important step: they took the skills assessment \u2013 a written test in German, mathematics, and English that qualifies them for entry into the compulsory school leaving certificate course.<\/p>","protected":false},"author":3,"featured_media":14336,"comment_status":"closed","ping_status":"closed","sticky":false,"template":"","format":"standard","meta":{"_acf_changed":false,"footnotes":""},"categories":[35],"tags":[],"class_list":["post-14337","post","type-post","status-publish","format-standard","has-post-thumbnail","hentry","category-news"],"acf":[],"yoast_head":"<!-- This site is optimized with the Yoast SEO plugin v26.5 - https:\/\/yoast.com\/wordpress\/plugins\/seo\/ -->\n<title>Erfolgreicher Kompetenzcheck: 23 junge Menschen starten in den Pflichtschulabschlusskurs - Interface Wien<\/title>\n<meta name=\"robots\" content=\"index, follow, max-snippet:-1, max-image-preview:large, max-video-preview:-1\" \/>\n<link rel=\"canonical\" href=\"https:\/\/www.interface-wien.at\/en\/erfolgreicher-kompetenzcheck-23-junge-menschen-starten-in-den-pflichtschulabschlusskurs\/\" \/>\n<meta property=\"og:locale\" content=\"en_GB\" \/>\n<meta property=\"og:type\" content=\"article\" \/>\n<meta property=\"og:title\" content=\"Erfolgreicher Kompetenzcheck: 23 junge Menschen starten in den Pflichtschulabschlusskurs - Interface Wien\" \/>\n<meta property=\"og:description\" content=\"Morgen ist der Tag der Menschenrechte. Bildung ist ein Menschenrecht und junge Menschen im Projekt Basisbildung Interface Wien zeigen gerade, was m\u00f6glich wird, wenn dieses Recht mit Leben gef\u00fcllt wird. F\u00fcr 24 Jugendliche und junge Erwachsene zwischen 16 und 24 Jahren war es ein wichtiger Schritt: Sie traten zum Kompetenzcheck an \u2013 einem schriftlichen Test in Deutsch, Mathematik und Englisch, der den Einstieg in den Pflichtschulabschlusskurs erm\u00f6glicht.\" \/>\n<meta property=\"og:url\" content=\"https:\/\/www.interface-wien.at\/en\/erfolgreicher-kompetenzcheck-23-junge-menschen-starten-in-den-pflichtschulabschlusskurs\/\" \/>\n<meta property=\"og:site_name\" content=\"Interface Wien\" \/>\n<meta property=\"article:published_time\" content=\"2025-12-09T15:12:13+00:00\" \/>\n<meta property=\"article:modified_time\" content=\"2025-12-09T15:18:58+00:00\" \/>\n<meta property=\"og:image\" content=\"https:\/\/www.interface-wien.at\/wp-content\/uploads\/2025\/12\/Zertifikat-BaBi-scaled.png\" \/>\n\t<meta property=\"og:image:width\" content=\"1810\" \/>\n\t<meta property=\"og:image:height\" content=\"2560\" \/>\n\t<meta property=\"og:image:type\" content=\"image\/png\" \/>\n<meta name=\"author\" content=\"Rado\" \/>\n<meta name=\"twitter:card\" content=\"summary_large_image\" \/>\n<meta name=\"twitter:label1\" content=\"Written by\" \/>\n\t<meta name=\"twitter:data1\" content=\"Rado\" \/>\n\t<meta name=\"twitter:label2\" content=\"Estimated reading time\" \/>\n\t<meta name=\"twitter:data2\" content=\"3 minutes\" \/>\n<script type=\"application\/ld+json\" class=\"yoast-schema-graph\">{\"@context\":\"https:\/\/schema.org\",\"@graph\":[{\"@type\":\"Article\",\"@id\":\"https:\/\/www.interface-wien.at\/erfolgreicher-kompetenzcheck-23-junge-menschen-starten-in-den-pflichtschulabschlusskurs\/#article\",\"isPartOf\":{\"@id\":\"https:\/\/www.interface-wien.at\/erfolgreicher-kompetenzcheck-23-junge-menschen-starten-in-den-pflichtschulabschlusskurs\/\"},\"author\":{\"name\":\"Rado\",\"@id\":\"https:\/\/www.interface-wien.at\/#\/schema\/person\/c04d4e5cb0faaa9a1c566e245a7fa680\"},\"headline\":\"Erfolgreicher Kompetenzcheck: 23 junge Menschen starten in den Pflichtschulabschlusskurs\",\"datePublished\":\"2025-12-09T15:12:13+00:00\",\"dateModified\":\"2025-12-09T15:18:58+00:00\",\"mainEntityOfPage\":{\"@id\":\"https:\/\/www.interface-wien.at\/erfolgreicher-kompetenzcheck-23-junge-menschen-starten-in-den-pflichtschulabschlusskurs\/\"},\"wordCount\":226,\"publisher\":{\"@id\":\"https:\/\/www.interface-wien.at\/#organization\"},\"image\":{\"@id\":\"https:\/\/www.interface-wien.at\/erfolgreicher-kompetenzcheck-23-junge-menschen-starten-in-den-pflichtschulabschlusskurs\/#primaryimage\"},\"thumbnailUrl\":\"https:\/\/www.interface-wien.at\/wp-content\/uploads\/2025\/12\/Zertifikat-BaBi-scaled.png\",\"articleSection\":[\"News\"],\"inLanguage\":\"en-GB\"},{\"@type\":\"WebPage\",\"@id\":\"https:\/\/www.interface-wien.at\/erfolgreicher-kompetenzcheck-23-junge-menschen-starten-in-den-pflichtschulabschlusskurs\/\",\"url\":\"https:\/\/www.interface-wien.at\/erfolgreicher-kompetenzcheck-23-junge-menschen-starten-in-den-pflichtschulabschlusskurs\/\",\"name\":\"Erfolgreicher Kompetenzcheck: 23 junge Menschen starten in den Pflichtschulabschlusskurs - Interface Wien\",\"isPartOf\":{\"@id\":\"https:\/\/www.interface-wien.at\/#website\"},\"primaryImageOfPage\":{\"@id\":\"https:\/\/www.interface-wien.at\/erfolgreicher-kompetenzcheck-23-junge-menschen-starten-in-den-pflichtschulabschlusskurs\/#primaryimage\"},\"image\":{\"@id\":\"https:\/\/www.interface-wien.at\/erfolgreicher-kompetenzcheck-23-junge-menschen-starten-in-den-pflichtschulabschlusskurs\/#primaryimage\"},\"thumbnailUrl\":\"https:\/\/www.interface-wien.at\/wp-content\/uploads\/2025\/12\/Zertifikat-BaBi-scaled.png\",\"datePublished\":\"2025-12-09T15:12:13+00:00\",\"dateModified\":\"2025-12-09T15:18:58+00:00\",\"breadcrumb\":{\"@id\":\"https:\/\/www.interface-wien.at\/erfolgreicher-kompetenzcheck-23-junge-menschen-starten-in-den-pflichtschulabschlusskurs\/#breadcrumb\"},\"inLanguage\":\"en-GB\",\"potentialAction\":[{\"@type\":\"ReadAction\",\"target\":[\"https:\/\/www.interface-wien.at\/erfolgreicher-kompetenzcheck-23-junge-menschen-starten-in-den-pflichtschulabschlusskurs\/\"]}]},{\"@type\":\"ImageObject\",\"inLanguage\":\"en-GB\",\"@id\":\"https:\/\/www.interface-wien.at\/erfolgreicher-kompetenzcheck-23-junge-menschen-starten-in-den-pflichtschulabschlusskurs\/#primaryimage\",\"url\":\"https:\/\/www.interface-wien.at\/wp-content\/uploads\/2025\/12\/Zertifikat-BaBi-scaled.png\",\"contentUrl\":\"https:\/\/www.interface-wien.at\/wp-content\/uploads\/2025\/12\/Zertifikat-BaBi-scaled.png\",\"width\":1810,\"height\":2560,\"caption\":\"Kurszertifikat Basisbildung Interface Wien\"},{\"@type\":\"BreadcrumbList\",\"@id\":\"https:\/\/www.interface-wien.at\/erfolgreicher-kompetenzcheck-23-junge-menschen-starten-in-den-pflichtschulabschlusskurs\/#breadcrumb\",\"itemListElement\":[{\"@type\":\"ListItem\",\"position\":1,\"name\":\"Interface Wien\",\"item\":\"https:\/\/www.interface-wien.at\/\"},{\"@type\":\"ListItem\",\"position\":2,\"name\":\"Erfolgreicher Kompetenzcheck: 23 junge Menschen starten in den Pflichtschulabschlusskurs\"}]},{\"@type\":\"WebSite\",\"@id\":\"https:\/\/www.interface-wien.at\/#website\",\"url\":\"https:\/\/www.interface-wien.at\/\",\"name\":\"Interface Wien\",\"description\":\"Ankommen begleiten - Zukunft gestalten\",\"publisher\":{\"@id\":\"https:\/\/www.interface-wien.at\/#organization\"},\"potentialAction\":[{\"@type\":\"SearchAction\",\"target\":{\"@type\":\"EntryPoint\",\"urlTemplate\":\"https:\/\/www.interface-wien.at\/?s={search_term_string}\"},\"query-input\":{\"@type\":\"PropertyValueSpecification\",\"valueRequired\":true,\"valueName\":\"search_term_string\"}}],\"inLanguage\":\"en-GB\"},{\"@type\":\"Organization\",\"@id\":\"https:\/\/www.interface-wien.at\/#organization\",\"name\":\"Interface Wien\",\"url\":\"https:\/\/www.interface-wien.at\/\",\"logo\":{\"@type\":\"ImageObject\",\"inLanguage\":\"en-GB\",\"@id\":\"https:\/\/www.interface-wien.at\/#\/schema\/logo\/image\/\",\"url\":\"https:\/\/www.interface-wien.at\/wp-content\/uploads\/2023\/12\/InterfaceWien-Logo.svg\",\"contentUrl\":\"https:\/\/www.interface-wien.at\/wp-content\/uploads\/2023\/12\/InterfaceWien-Logo.svg\",\"width\":840,\"height\":252,\"caption\":\"Interface Wien\"},\"image\":{\"@id\":\"https:\/\/www.interface-wien.at\/#\/schema\/logo\/image\/\"}},{\"@type\":\"Person\",\"@id\":\"https:\/\/www.interface-wien.at\/#\/schema\/person\/c04d4e5cb0faaa9a1c566e245a7fa680\",\"name\":\"Rado\",\"url\":\"https:\/\/www.interface-wien.at\/en\/author\/rado\/\"}]}<\/script>\n<!-- \/ Yoast SEO plugin. -->","yoast_head_json":{"title":"Successful skills assessment: 23 young people start the compulsory school leaving certificate course - Interface Vienna","robots":{"index":"index","follow":"follow","max-snippet":"max-snippet:-1","max-image-preview":"max-image-preview:large","max-video-preview":"max-video-preview:-1"},"canonical":"https:\/\/www.interface-wien.at\/en\/erfolgreicher-kompetenzcheck-23-junge-menschen-starten-in-den-pflichtschulabschlusskurs\/","og_locale":"en_GB","og_type":"article","og_title":"Erfolgreicher Kompetenzcheck: 23 junge Menschen starten in den Pflichtschulabschlusskurs - Interface Wien","og_description":"Morgen ist der Tag der Menschenrechte. Bildung ist ein Menschenrecht und junge Menschen im Projekt Basisbildung Interface Wien zeigen gerade, was m\u00f6glich wird, wenn dieses Recht mit Leben gef\u00fcllt wird. F\u00fcr 24 Jugendliche und junge Erwachsene zwischen 16 und 24 Jahren war es ein wichtiger Schritt: Sie traten zum Kompetenzcheck an \u2013 einem schriftlichen Test in Deutsch, Mathematik und Englisch, der den Einstieg in den Pflichtschulabschlusskurs erm\u00f6glicht.","og_url":"https:\/\/www.interface-wien.at\/en\/erfolgreicher-kompetenzcheck-23-junge-menschen-starten-in-den-pflichtschulabschlusskurs\/","og_site_name":"Interface Wien","article_published_time":"2025-12-09T15:12:13+00:00","article_modified_time":"2025-12-09T15:18:58+00:00","og_image":[{"width":1810,"height":2560,"url":"https:\/\/www.interface-wien.at\/wp-content\/uploads\/2025\/12\/Zertifikat-BaBi-scaled.png","type":"image\/png"}],"author":"Rado","twitter_card":"summary_large_image","twitter_misc":{"Written by":"Rado","Estimated reading time":"3 minutes"},"schema":{"@context":"https:\/\/schema.org","@graph":[{"@type":"Article","@id":"https:\/\/www.interface-wien.at\/erfolgreicher-kompetenzcheck-23-junge-menschen-starten-in-den-pflichtschulabschlusskurs\/#article","isPartOf":{"@id":"https:\/\/www.interface-wien.at\/erfolgreicher-kompetenzcheck-23-junge-menschen-starten-in-den-pflichtschulabschlusskurs\/"},"author":{"name":"Rado","@id":"https:\/\/www.interface-wien.at\/#\/schema\/person\/c04d4e5cb0faaa9a1c566e245a7fa680"},"headline":"Erfolgreicher Kompetenzcheck: 23 junge Menschen starten in den Pflichtschulabschlusskurs","datePublished":"2025-12-09T15:12:13+00:00","dateModified":"2025-12-09T15:18:58+00:00","mainEntityOfPage":{"@id":"https:\/\/www.interface-wien.at\/erfolgreicher-kompetenzcheck-23-junge-menschen-starten-in-den-pflichtschulabschlusskurs\/"},"wordCount":226,"publisher":{"@id":"https:\/\/www.interface-wien.at\/#organization"},"image":{"@id":"https:\/\/www.interface-wien.at\/erfolgreicher-kompetenzcheck-23-junge-menschen-starten-in-den-pflichtschulabschlusskurs\/#primaryimage"},"thumbnailUrl":"https:\/\/www.interface-wien.at\/wp-content\/uploads\/2025\/12\/Zertifikat-BaBi-scaled.png","articleSection":["News"],"inLanguage":"en-GB"},{"@type":"WebPage","@id":"https:\/\/www.interface-wien.at\/erfolgreicher-kompetenzcheck-23-junge-menschen-starten-in-den-pflichtschulabschlusskurs\/","url":"https:\/\/www.interface-wien.at\/erfolgreicher-kompetenzcheck-23-junge-menschen-starten-in-den-pflichtschulabschlusskurs\/","name":"Successful skills assessment: 23 young people start the compulsory school leaving certificate course - Interface Vienna","isPartOf":{"@id":"https:\/\/www.interface-wien.at\/#website"},"primaryImageOfPage":{"@id":"https:\/\/www.interface-wien.at\/erfolgreicher-kompetenzcheck-23-junge-menschen-starten-in-den-pflichtschulabschlusskurs\/#primaryimage"},"image":{"@id":"https:\/\/www.interface-wien.at\/erfolgreicher-kompetenzcheck-23-junge-menschen-starten-in-den-pflichtschulabschlusskurs\/#primaryimage"},"thumbnailUrl":"https:\/\/www.interface-wien.at\/wp-content\/uploads\/2025\/12\/Zertifikat-BaBi-scaled.png","datePublished":"2025-12-09T15:12:13+00:00","dateModified":"2025-12-09T15:18:58+00:00","breadcrumb":{"@id":"https:\/\/www.interface-wien.at\/erfolgreicher-kompetenzcheck-23-junge-menschen-starten-in-den-pflichtschulabschlusskurs\/#breadcrumb"},"inLanguage":"en-GB","potentialAction":[{"@type":"ReadAction","target":["https:\/\/www.interface-wien.at\/erfolgreicher-kompetenzcheck-23-junge-menschen-starten-in-den-pflichtschulabschlusskurs\/"]}]},{"@type":"ImageObject","inLanguage":"en-GB","@id":"https:\/\/www.interface-wien.at\/erfolgreicher-kompetenzcheck-23-junge-menschen-starten-in-den-pflichtschulabschlusskurs\/#primaryimage","url":"https:\/\/www.interface-wien.at\/wp-content\/uploads\/2025\/12\/Zertifikat-BaBi-scaled.png","contentUrl":"https:\/\/www.interface-wien.at\/wp-content\/uploads\/2025\/12\/Zertifikat-BaBi-scaled.png","width":1810,"height":2560,"caption":"Kurszertifikat Basisbildung Interface Wien"},{"@type":"BreadcrumbList","@id":"https:\/\/www.interface-wien.at\/erfolgreicher-kompetenzcheck-23-junge-menschen-starten-in-den-pflichtschulabschlusskurs\/#breadcrumb","itemListElement":[{"@type":"ListItem","position":1,"name":"Interface Wien","item":"https:\/\/www.interface-wien.at\/"},{"@type":"ListItem","position":2,"name":"Erfolgreicher Kompetenzcheck: 23 junge Menschen starten in den Pflichtschulabschlusskurs"}]},{"@type":"WebSite","@id":"https:\/\/www.interface-wien.at\/#website","url":"https:\/\/www.interface-wien.at\/","name":"Interface Wien","description":"Accompany your arrival - shape the future","publisher":{"@id":"https:\/\/www.interface-wien.at\/#organization"},"potentialAction":[{"@type":"SearchAction","target":{"@type":"EntryPoint","urlTemplate":"https:\/\/www.interface-wien.at\/?s={search_term_string}"},"query-input":{"@type":"PropertyValueSpecification","valueRequired":true,"valueName":"search_term_string"}}],"inLanguage":"en-GB"},{"@type":"Organization","@id":"https:\/\/www.interface-wien.at\/#organization","name":"Interface Wien","url":"https:\/\/www.interface-wien.at\/","logo":{"@type":"ImageObject","inLanguage":"en-GB","@id":"https:\/\/www.interface-wien.at\/#\/schema\/logo\/image\/","url":"https:\/\/www.interface-wien.at\/wp-content\/uploads\/2023\/12\/InterfaceWien-Logo.svg","contentUrl":"https:\/\/www.interface-wien.at\/wp-content\/uploads\/2023\/12\/InterfaceWien-Logo.svg","width":840,"height":252,"caption":"Interface Wien"},"image":{"@id":"https:\/\/www.interface-wien.at\/#\/schema\/logo\/image\/"}},{"@type":"Person","@id":"https:\/\/www.interface-wien.at\/#\/schema\/person\/c04d4e5cb0faaa9a1c566e245a7fa680","name":"Rado","url":"https:\/\/www.interface-wien.at\/en\/author\/rado\/"}]}},"_links":{"self":[{"href":"https:\/\/www.interface-wien.at\/en\/wp-json\/wp\/v2\/posts\/14337","targetHints":{"allow":["GET"]}}],"collection":[{"href":"https:\/\/www.interface-wien.at\/en\/wp-json\/wp\/v2\/posts"}],"about":[{"href":"https:\/\/www.interface-wien.at\/en\/wp-json\/wp\/v2\/types\/post"}],"author":[{"embeddable":true,"href":"https:\/\/www.interface-wien.at\/en\/wp-json\/wp\/v2\/users\/3"}],"replies":[{"embeddable":true,"href":"https:\/\/www.interface-wien.at\/en\/wp-json\/wp\/v2\/comments?post=14337"}],"version-history":[{"count":4,"href":"https:\/\/www.interface-wien.at\/en\/wp-json\/wp\/v2\/posts\/14337\/revisions"}],"predecessor-version":[{"id":14342,"href":"https:\/\/www.interface-wien.at\/en\/wp-json\/wp\/v2\/posts\/14337\/revisions\/14342"}],"wp:featuredmedia":[{"embeddable":true,"href":"https:\/\/www.interface-wien.at\/en\/wp-json\/wp\/v2\/media\/14336"}],"wp:attachment":[{"href":"https:\/\/www.interface-wien.at\/en\/wp-json\/wp\/v2\/media?parent=14337"}],"wp:term":[{"taxonomy":"category","embeddable":true,"href":"https:\/\/www.interface-wien.at\/en\/wp-json\/wp\/v2\/categories?post=14337"},{"taxonomy":"post_tag","embeddable":true,"href":"https:\/\/www.interface-wien.at\/en\/wp-json\/wp\/v2\/tags?post=14337"}],"curies":[{"name":"wp","href":"https:\/\/api.w.org\/{rel}","templated":true}]}}