{"id":3838,"date":"2024-01-31T10:05:00","date_gmt":"2024-01-31T10:05:00","guid":{"rendered":"https:\/\/www.interface-wien.at\/lorem-ipsum-3-copy\/"},"modified":"2024-02-12T08:42:54","modified_gmt":"2024-02-12T08:42:54","slug":"oeif-zertifizierung-bis-2027-verlaengert","status":"publish","type":"post","link":"https:\/\/www.interface-wien.at\/en\/oeif-zertifizierung-bis-2027-verlaengert\/","title":{"rendered":"\u00d6IF certification extended until 2027"},"content":{"rendered":"<div data-elementor-type=\"wp-post\" data-elementor-id=\"3838\" class=\"elementor elementor-3838\" data-elementor-post-type=\"post\">\n\t\t\t\t<div class=\"elementor-element elementor-element-3ad7d3ab e-flex e-con-boxed e-con e-parent\" data-id=\"3ad7d3ab\" data-element_type=\"container\" data-e-type=\"container\">\n\t\t\t\t\t<div class=\"e-con-inner\">\n\t\t\t\t<div class=\"elementor-element elementor-element-4d03029a elementor-widget elementor-widget-global elementor-global-2681 elementor-widget-breadcrumbs\" data-id=\"4d03029a\" data-element_type=\"widget\" data-e-type=\"widget\" data-widget_type=\"breadcrumbs.default\">\n\t\t\t\t<div class=\"elementor-widget-container\">\n\t\t\t\t\t<p id=\"breadcrumbs\"><span><span><a href=\"https:\/\/www.interface-wien.at\/en\/\">Interface Wien<\/a><\/span><\/span><\/p>\t\t\t\t<\/div>\n\t\t\t\t<\/div>\n\t\t\t\t\t<\/div>\n\t\t\t\t<\/div>\n\t\t<div class=\"elementor-element elementor-element-e5a9808 e-flex e-con-boxed e-con e-parent\" data-id=\"e5a9808\" data-element_type=\"container\" data-e-type=\"container\">\n\t\t\t\t\t<div class=\"e-con-inner\">\n\t\t<div class=\"elementor-element elementor-element-b7a27cf e-con-full e-flex e-con e-child\" data-id=\"b7a27cf\" data-element_type=\"container\" data-e-type=\"container\">\n\t\t\t\t<div class=\"elementor-element elementor-element-254e7dd6 elementor-widget__width-inherit elementor-widget elementor-widget-heading\" data-id=\"254e7dd6\" data-element_type=\"widget\" data-e-type=\"widget\" data-widget_type=\"heading.default\">\n\t\t\t\t<div class=\"elementor-widget-container\">\n\t\t\t\t\t<h1 class=\"elementor-heading-title elementor-size-default\">\u00d6IF certification extended until 2027<\/h1>\t\t\t\t<\/div>\n\t\t\t\t<\/div>\n\t\t\t\t<\/div>\n\t\t\t\t\t<\/div>\n\t\t\t\t<\/div>\n\t\t<div class=\"elementor-element elementor-element-5c50a7d5 e-flex e-con-boxed e-con e-parent\" data-id=\"5c50a7d5\" data-element_type=\"container\" data-e-type=\"container\">\n\t\t\t\t\t<div class=\"e-con-inner\">\n\t\t<div class=\"elementor-element elementor-element-4fb373af e-con-full e-flex e-con e-child\" data-id=\"4fb373af\" data-element_type=\"container\" data-e-type=\"container\">\n\t\t\t\t<div class=\"elementor-element elementor-element-50278724 elementor-widget elementor-widget-text-editor\" data-id=\"50278724\" data-element_type=\"widget\" data-e-type=\"widget\" data-widget_type=\"text-editor.default\">\n\t\t\t\t<div class=\"elementor-widget-container\">\n\t\t\t\t\t\t\t\t\t<p>It has just arrived hot off the press: <strong>our new \u00d6IF (Austrian Integration Fund) certification!<\/strong><\/p><p class=\"translation-block\">Many of our courses prepare participants, among other things, for the integration exams required to fulfill the Integration Agreement, conducted by the <a href=\"https:\/\/www.integrationsfonds.at\/\" target=\"_self\">Austrian Integration Fund (\u00d6IF)<\/a>.<\/p><p>Course providers who offer preparation for these exams are certified by the \u00d6IF.<br \/>And Interface Wien\u2019s certification has just been extended \u2013 until 2027!<\/p><p>This means we can continue to guarantee the high quality of our courses and our participants <strong>Prepare as best as possible for the necessary integration tests<\/strong>!<\/p>\t\t\t\t\t\t\t\t<\/div>\n\t\t\t\t<\/div>\n\t\t\t\t<\/div>\n\t\t<div class=\"elementor-element elementor-element-658aacc1 e-con-full e-flex e-con e-child\" data-id=\"658aacc1\" data-element_type=\"container\" data-e-type=\"container\">\n\t\t\t\t<div class=\"elementor-element elementor-element-6d433e0a elementor-skin-carousel elementor-arrows-yes elementor-pagination-type-bullets elementor-pagination-position-outside elementor-widget elementor-widget-media-carousel\" data-id=\"6d433e0a\" data-element_type=\"widget\" data-e-type=\"widget\" data-settings=\"{&quot;effect&quot;:&quot;fade&quot;,&quot;skin&quot;:&quot;carousel&quot;,&quot;show_arrows&quot;:&quot;yes&quot;,&quot;pagination&quot;:&quot;bullets&quot;,&quot;speed&quot;:500,&quot;space_between&quot;:{&quot;unit&quot;:&quot;px&quot;,&quot;size&quot;:10,&quot;sizes&quot;:[]},&quot;space_between_tablet&quot;:{&quot;unit&quot;:&quot;px&quot;,&quot;size&quot;:10,&quot;sizes&quot;:[]},&quot;space_between_mobile&quot;:{&quot;unit&quot;:&quot;px&quot;,&quot;size&quot;:10,&quot;sizes&quot;:[]}}\" data-widget_type=\"media-carousel.default\">\n\t\t\t\t<div class=\"elementor-widget-container\">\n\t\t\t\t\t\t\t\t\t<div class=\"elementor-swiper\">\n\t\t\t\t\t<div class=\"elementor-main-swiper swiper\" role=\"region\" aria-roledescription=\"carousel\" aria-label=\"Slides\" data-no-translation-aria-label=\"\">\n\t\t\t\t<div class=\"swiper-wrapper\">\n\t\t\t\t\t\t\t\t\t\t\t<div class=\"swiper-slide\" role=\"group\" aria-roledescription=\"slide\">\n\t\t\t\t\t\t\t<a href=\"https:\/\/www.interface-wien.at\/wp-content\/uploads\/2024\/01\/OeIF-Zertifizierung.png\" data-elementor-open-lightbox=\"yes\" data-elementor-lightbox-slideshow=\"6d433e0a\" data-elementor-lightbox-title=\"News_\u00d6IF-Zertifizierung\" data-e-action-hash=\"#elementor-action%3Aaction%3Dlightbox%26settings%3DeyJpZCI6NjMxNywidXJsIjoiaHR0cHM6XC9cL3d3dy5pbnRlcmZhY2Utd2llbi5hdFwvd3AtY29udGVudFwvdXBsb2Fkc1wvMjAyNFwvMDFcL09lSUYtWmVydGlmaXppZXJ1bmcucG5nIiwic2xpZGVzaG93IjoiNmQ0MzNlMGEifQ%3D%3D\">\t\t<div class=\"elementor-carousel-image\" role=\"img\" aria-label=\"Ausschnitt \u00d6IF-Zertifizierung\" style=\"background-image: url(&#039;https:\/\/www.interface-wien.at\/wp-content\/uploads\/2024\/01\/OeIF-Zertifizierung.png&#039;)\">\n\n\t\t\t\n\t\t\t\t\t<\/div>\n\t\t<\/a>\t\t\t\t\t\t<\/div>\n\t\t\t\t\t\t\t\t\t<\/div>\n\t\t\t\t\t\t\t<\/div>\n\t\t\t\t<\/div>\n\t\t\t\t\t\t\t\t<\/div>\n\t\t\t\t<\/div>\n\t\t\t\t<\/div>\n\t\t\t\t\t<\/div>\n\t\t\t\t<\/div>\n\t\t<div class=\"elementor-element elementor-element-6d5f8223 e-flex e-con-boxed e-con e-parent\" data-id=\"6d5f8223\" data-element_type=\"container\" data-e-type=\"container\" data-settings=\"{&quot;background_background&quot;:&quot;classic&quot;}\">\n\t\t\t\t\t<div class=\"e-con-inner\">\n\t\t\t\t<div class=\"elementor-element elementor-element-751be9b1 elementor-widget elementor-widget-post-navigation\" data-id=\"751be9b1\" data-element_type=\"widget\" data-e-type=\"widget\" data-widget_type=\"post-navigation.default\">\n\t\t\t\t<div class=\"elementor-widget-container\">\n\t\t\t\t\t\t\t<div class=\"elementor-post-navigation\" role=\"navigation\" aria-label=\"Post Navigation\">\n\t\t\t<div class=\"elementor-post-navigation__prev elementor-post-navigation__link\">\n\t\t\t\t<a href=\"https:\/\/www.interface-wien.at\/en\/start-der-neuen-deutsch-lernhilfe-kurse-am-jugendcollege\/\" rel=\"prev\"><span class=\"post-navigation__arrow-wrapper post-navigation__arrow-prev\"><i aria-hidden=\"true\" class=\"fas fa-chevron-left\"><\/i><span class=\"elementor-screen-only\">Previous<\/span><\/span><span class=\"elementor-post-navigation__link__prev\"><span class=\"post-navigation__prev--label\">Previous post<\/span><span class=\"post-navigation__prev--title\">Start of the new Deutsch-Lernhilfe courses at the Jugendcollege<\/span><\/span><\/a>\t\t\t<\/div>\n\t\t\t\t\t\t<div class=\"elementor-post-navigation__next elementor-post-navigation__link\">\n\t\t\t\t<a href=\"https:\/\/www.interface-wien.at\/en\/startschuss-fuer-die-neue-stabsstelle-qualitaetssicherung-und-entwicklung\/\" rel=\"next\"><span class=\"elementor-post-navigation__link__next\"><span class=\"post-navigation__next--label\">Next post<\/span><span class=\"post-navigation__next--title\">Kick-off for the new unit Stabsstelle Qualit\u00e4tssicherung und Entwicklung<\/span><\/span><span class=\"post-navigation__arrow-wrapper post-navigation__arrow-next\"><i aria-hidden=\"true\" class=\"fas fa-chevron-right\"><\/i><span class=\"elementor-screen-only\">Next<\/span><\/span><\/a>\t\t\t<\/div>\n\t\t<\/div>\n\t\t\t\t\t\t<\/div>\n\t\t\t\t<\/div>\n\t\t\t\t\t<\/div>\n\t\t\t\t<\/div>\n\t\t<div class=\"elementor-element elementor-element-3e3f3712 e-flex e-con-boxed e-con e-parent\" data-id=\"3e3f3712\" data-element_type=\"container\" data-e-type=\"container\">\n\t\t\t\t\t<div class=\"e-con-inner\">\n\t\t\t\t<div class=\"elementor-element elementor-element-7f241bf6 elementor-widget elementor-widget-heading\" data-id=\"7f241bf6\" data-element_type=\"widget\" data-e-type=\"widget\" data-widget_type=\"heading.default\">\n\t\t\t\t<div class=\"elementor-widget-container\">\n\t\t\t\t\t<h2 class=\"elementor-heading-title elementor-size-default\">More articles<\/h2>\t\t\t\t<\/div>\n\t\t\t\t<\/div>\n\t\t\t\t<div class=\"elementor-element elementor-element-652a3261 elementor-grid-tablet-3 elementor-grid-3 elementor-grid-mobile-1 elementor-posts--thumbnail-top elementor-widget elementor-widget-global elementor-global-2620 elementor-widget-posts\" data-id=\"652a3261\" data-element_type=\"widget\" data-e-type=\"widget\" data-settings=\"{&quot;classic_columns_tablet&quot;:&quot;3&quot;,&quot;classic_columns&quot;:&quot;3&quot;,&quot;classic_columns_mobile&quot;:&quot;1&quot;,&quot;classic_row_gap&quot;:{&quot;unit&quot;:&quot;px&quot;,&quot;size&quot;:35,&quot;sizes&quot;:[]},&quot;classic_row_gap_tablet&quot;:{&quot;unit&quot;:&quot;px&quot;,&quot;size&quot;:&quot;&quot;,&quot;sizes&quot;:[]},&quot;classic_row_gap_mobile&quot;:{&quot;unit&quot;:&quot;px&quot;,&quot;size&quot;:&quot;&quot;,&quot;sizes&quot;:[]}}\" data-widget_type=\"posts.classic\">\n\t\t\t\t<div class=\"elementor-widget-container\">\n\t\t\t\t\t\t\t<div class=\"elementor-posts-container elementor-posts elementor-posts--skin-classic elementor-grid\" role=\"list\">\n\t\t\t\t<article class=\"elementor-post elementor-grid-item post-14799 post type-post status-publish format-standard has-post-thumbnail hentry category-news\" role=\"listitem\">\n\t\t\t\t<a class=\"elementor-post__thumbnail__link\" href=\"https:\/\/www.interface-wien.at\/en\/besuch-im-startwien-college-fachkrafte-von-morgen-im-blick\/\" tabindex=\"-1\" >\n\t\t\t<div class=\"elementor-post__thumbnail\"><img fetchpriority=\"high\" decoding=\"async\" width=\"768\" height=\"432\" src=\"https:\/\/www.interface-wien.at\/wp-content\/uploads\/2026\/04\/WhatsApp-Image-2026-04-21-at-11.23.28-768x432.jpeg\" class=\"attachment-medium_large size-medium_large wp-image-14795\" alt=\"Besuch beim StartWien College, Vizeb\u00fcrgermeisterin Bettina Emmerling und die Leiterin von MA 17 Theodora Manolakos\" srcset=\"https:\/\/www.interface-wien.at\/wp-content\/uploads\/2026\/04\/WhatsApp-Image-2026-04-21-at-11.23.28-768x432.jpeg 768w, https:\/\/www.interface-wien.at\/wp-content\/uploads\/2026\/04\/WhatsApp-Image-2026-04-21-at-11.23.28-800x450.jpeg 800w, https:\/\/www.interface-wien.at\/wp-content\/uploads\/2026\/04\/WhatsApp-Image-2026-04-21-at-11.23.28-1024x576.jpeg 1024w, https:\/\/www.interface-wien.at\/wp-content\/uploads\/2026\/04\/WhatsApp-Image-2026-04-21-at-11.23.28-400x225.jpeg 400w, https:\/\/www.interface-wien.at\/wp-content\/uploads\/2026\/04\/WhatsApp-Image-2026-04-21-at-11.23.28-1536x864.jpeg 1536w, https:\/\/www.interface-wien.at\/wp-content\/uploads\/2026\/04\/WhatsApp-Image-2026-04-21-at-11.23.28-18x10.jpeg 18w, https:\/\/www.interface-wien.at\/wp-content\/uploads\/2026\/04\/WhatsApp-Image-2026-04-21-at-11.23.28.jpeg 1920w\" sizes=\"(max-width: 768px) 100vw, 768px\" \/><\/div>\n\t\t<\/a>\n\t\t\t\t<div class=\"elementor-post__text\">\n\t\t\t\t<h3 class=\"elementor-post__title\">\n\t\t\t<a href=\"https:\/\/www.interface-wien.at\/en\/besuch-im-startwien-college-fachkrafte-von-morgen-im-blick\/\" >\n\t\t\t\tVisit to StartWien College: Focusing on tomorrow&#039;s skilled workers\t\t\t<\/a>\n\t\t<\/h3>\n\t\t\t\t<div class=\"elementor-post__excerpt\">\n\t\t\t<p>Today at StartWien College we were pleased to welcome Vienna&#039;s Deputy Mayor Bettina Emmerling and Theodora Manolakos, Head of the City of Vienna - Integration and Diversity.<\/p>\n<p class=\"translation-block\">The young participants guided the tour of the <a href=\"https:\/\/www.interface-wien.at\/en\/projekte-startwien-college\/\" target=\"_blank\" rel=\"noopener\">StartWien College<\/a> themselves, offering insights into their journeys, goals, and future plans. In doing so, it became clear what the programme is all about:  <strong data-start=\"425\" data-end=\"454\">catching up and moving ahead<\/strong>.<\/p>\n\t\t<\/div>\n\t\t\n\t\t<a class=\"elementor-post__read-more\" href=\"https:\/\/www.interface-wien.at\/en\/besuch-im-startwien-college-fachkrafte-von-morgen-im-blick\/\" aria-label=\"Read more about visiting StartWien College: Focusing on tomorrow&#039;s skilled workers\" tabindex=\"-1\" >\n\t\t\tContinue reading\t\t<\/a>\n\n\t\t\t\t<\/div>\n\t\t\t\t<\/article>\n\t\t\t\t<article class=\"elementor-post elementor-grid-item post-14761 post type-post status-publish format-standard has-post-thumbnail hentry category-news\" role=\"listitem\">\n\t\t\t\t<a class=\"elementor-post__thumbnail__link\" href=\"https:\/\/www.interface-wien.at\/en\/%f0%9d%90%85%f0%9d%90%9a%f0%9d%90%9c%f0%9d%90%a1%f0%9d%90%a5%f0%9d%90%a2%f0%9d%90%9c%f0%9d%90%a1%f0%9d%90%9e%f0%9d%90%ab-%f0%9d%90%80%f0%9d%90%ae%f0%9d%90%ac%f0%9d%90%ad%f0%9d%90%9a%f0%9d%90%ae\/\" tabindex=\"-1\" >\n\t\t\t<div class=\"elementor-post__thumbnail\"><img decoding=\"async\" width=\"768\" height=\"576\" src=\"https:\/\/www.interface-wien.at\/wp-content\/uploads\/2026\/04\/SFA-_BPI-2-768x576.jpg\" class=\"attachment-medium_large size-medium_large wp-image-14760\" alt=\"Besuch Berater*innen der Startbegleitung von Interface Wien bei dem BPI der \u00d6JAB\" srcset=\"https:\/\/www.interface-wien.at\/wp-content\/uploads\/2026\/04\/SFA-_BPI-2-768x576.jpg 768w, https:\/\/www.interface-wien.at\/wp-content\/uploads\/2026\/04\/SFA-_BPI-2-800x600.jpg 800w, https:\/\/www.interface-wien.at\/wp-content\/uploads\/2026\/04\/SFA-_BPI-2-1024x768.jpg 1024w, https:\/\/www.interface-wien.at\/wp-content\/uploads\/2026\/04\/SFA-_BPI-2-400x300.jpg 400w, https:\/\/www.interface-wien.at\/wp-content\/uploads\/2026\/04\/SFA-_BPI-2-1536x1152.jpg 1536w, https:\/\/www.interface-wien.at\/wp-content\/uploads\/2026\/04\/SFA-_BPI-2-2048x1536.jpg 2048w, https:\/\/www.interface-wien.at\/wp-content\/uploads\/2026\/04\/SFA-_BPI-2-16x12.jpg 16w\" sizes=\"(max-width: 768px) 100vw, 768px\" \/><\/div>\n\t\t<\/a>\n\t\t\t\t<div class=\"elementor-post__text\">\n\t\t\t\t<h3 class=\"elementor-post__title\">\n\t\t\t<a href=\"https:\/\/www.interface-wien.at\/en\/%f0%9d%90%85%f0%9d%90%9a%f0%9d%90%9c%f0%9d%90%a1%f0%9d%90%a5%f0%9d%90%a2%f0%9d%90%9c%f0%9d%90%a1%f0%9d%90%9e%f0%9d%90%ab-%f0%9d%90%80%f0%9d%90%ae%f0%9d%90%ac%f0%9d%90%ad%f0%9d%90%9a%f0%9d%90%ae\/\" >\n\t\t\t\tProfessional exchange strengthens consulting expertise\t\t\t<\/a>\n\t\t<\/h3>\n\t\t\t\t<div class=\"elementor-post__excerpt\">\n\t\t\t<p>Sharing knowledge, broadening perspectives, strengthening cooperation: On April 10, six social advisors from the Startbegleitung program of Interface Wien visited the training center of the Vocational Pedagogical Institute (BPI) of the \u00d6JAB.<\/p>\n\t\t<\/div>\n\t\t\n\t\t<a class=\"elementor-post__read-more\" href=\"https:\/\/www.interface-wien.at\/en\/%f0%9d%90%85%f0%9d%90%9a%f0%9d%90%9c%f0%9d%90%a1%f0%9d%90%a5%f0%9d%90%a2%f0%9d%90%9c%f0%9d%90%a1%f0%9d%90%9e%f0%9d%90%ab-%f0%9d%90%80%f0%9d%90%ae%f0%9d%90%ac%f0%9d%90%ad%f0%9d%90%9a%f0%9d%90%ae\/\" aria-label=\"Read more about Professional exchange strengthens consulting skills\" tabindex=\"-1\" >\n\t\t\tContinue reading\t\t<\/a>\n\n\t\t\t\t<\/div>\n\t\t\t\t<\/article>\n\t\t\t\t<article class=\"elementor-post elementor-grid-item post-14699 post type-post status-publish format-standard has-post-thumbnail hentry category-news\" role=\"listitem\">\n\t\t\t\t<a class=\"elementor-post__thumbnail__link\" href=\"https:\/\/www.interface-wien.at\/en\/online-anmeldung-fur-die-wiener-sommerdeutschkurse-2026-gestartet\/\" tabindex=\"-1\" >\n\t\t\t<div class=\"elementor-post__thumbnail\"><img decoding=\"async\" width=\"768\" height=\"324\" src=\"https:\/\/www.interface-wien.at\/wp-content\/uploads\/2026\/03\/SDK-ImageFoto-2026-768x324.jpg\" class=\"attachment-medium_large size-medium_large wp-image-14666\" alt=\"Sommerdeutschkurse 2026\" srcset=\"https:\/\/www.interface-wien.at\/wp-content\/uploads\/2026\/03\/SDK-ImageFoto-2026-768x324.jpg 768w, https:\/\/www.interface-wien.at\/wp-content\/uploads\/2026\/03\/SDK-ImageFoto-2026-800x337.jpg 800w, https:\/\/www.interface-wien.at\/wp-content\/uploads\/2026\/03\/SDK-ImageFoto-2026-1024x431.jpg 1024w, https:\/\/www.interface-wien.at\/wp-content\/uploads\/2026\/03\/SDK-ImageFoto-2026-400x169.jpg 400w, https:\/\/www.interface-wien.at\/wp-content\/uploads\/2026\/03\/SDK-ImageFoto-2026-1536x647.jpg 1536w, https:\/\/www.interface-wien.at\/wp-content\/uploads\/2026\/03\/SDK-ImageFoto-2026-2048x863.jpg 2048w, https:\/\/www.interface-wien.at\/wp-content\/uploads\/2026\/03\/SDK-ImageFoto-2026-18x8.jpg 18w\" sizes=\"(max-width: 768px) 100vw, 768px\" \/><\/div>\n\t\t<\/a>\n\t\t\t\t<div class=\"elementor-post__text\">\n\t\t\t\t<h3 class=\"elementor-post__title\">\n\t\t\t<a href=\"https:\/\/www.interface-wien.at\/en\/online-anmeldung-fur-die-wiener-sommerdeutschkurse-2026-gestartet\/\" >\n\t\t\t\tOnline registration for the Wiener Sommerdeutschkurse 2026 has started.\t\t\t<\/a>\n\t\t<\/h3>\n\t\t\t\t<div class=\"elementor-post__excerpt\">\n\t\t\t<p>Online registration for the Vienna Summer German Courses 2026 opened on April 1, 2026. The City of Vienna\u2019s free programme is specifically aimed at school beginners who will start primary school in Vienna in autumn 2026 as non-regular pupils.<\/p>\n\t\t<\/div>\n\t\t\n\t\t<a class=\"elementor-post__read-more\" href=\"https:\/\/www.interface-wien.at\/en\/online-anmeldung-fur-die-wiener-sommerdeutschkurse-2026-gestartet\/\" aria-label=\"Read more about the start of online registration for the Vienna summer German courses 2026.\" tabindex=\"-1\" >\n\t\t\tContinue reading\t\t<\/a>\n\n\t\t\t\t<\/div>\n\t\t\t\t<\/article>\n\t\t\t\t<\/div>\n\t\t\n\t\t\t\t\t\t<\/div>\n\t\t\t\t<\/div>\n\t\t\t\t\t<\/div>\n\t\t\t\t<\/div>\n\t\t\t\t<\/div>","protected":false},"excerpt":{"rendered":"<p>It has just arrived hot off the press: our new \u00d6IF certification!<\/p>\n<p>This means we can continue to guarantee the high quality of our courses and prepare our participants in the best possible way for the necessary integration exams!<\/p>","protected":false},"author":4,"featured_media":6317,"comment_status":"closed","ping_status":"closed","sticky":false,"template":"","format":"standard","meta":{"_acf_changed":false,"footnotes":""},"categories":[35],"tags":[],"class_list":["post-3838","post","type-post","status-publish","format-standard","has-post-thumbnail","hentry","category-news"],"acf":[],"yoast_head":"<!-- This site is optimized with the Yoast SEO plugin v26.5 - https:\/\/yoast.com\/wordpress\/plugins\/seo\/ -->\n<title>\u00d6IF-Zertifizierung bis 2027 verl\u00e4ngert - Interface Wien<\/title>\n<meta name=\"robots\" content=\"index, follow, max-snippet:-1, max-image-preview:large, max-video-preview:-1\" \/>\n<link rel=\"canonical\" href=\"https:\/\/www.interface-wien.at\/en\/oeif-zertifizierung-bis-2027-verlaengert\/\" \/>\n<meta property=\"og:locale\" content=\"en_GB\" \/>\n<meta property=\"og:type\" content=\"article\" \/>\n<meta property=\"og:title\" content=\"\u00d6IF-Zertifizierung bis 2027 verl\u00e4ngert - Interface Wien\" \/>\n<meta property=\"og:description\" content=\"Soeben ist sie druckfrisch hereingeflattert: unsere neue \u00d6IF-Zertifizierung! So k\u00f6nnen wir auch weiterhin die hohe Qualit\u00e4t unserer Kurse gew\u00e4hrleisten und unsere Teilnehmer*innen bestm\u00f6glich auf die n\u00f6tigen Integrationspr\u00fcfungen vorbereiten!\" \/>\n<meta property=\"og:url\" content=\"https:\/\/www.interface-wien.at\/en\/oeif-zertifizierung-bis-2027-verlaengert\/\" \/>\n<meta property=\"og:site_name\" content=\"Interface Wien\" \/>\n<meta property=\"article:published_time\" content=\"2024-01-31T10:05:00+00:00\" \/>\n<meta property=\"article:modified_time\" content=\"2024-02-12T08:42:54+00:00\" \/>\n<meta property=\"og:image\" content=\"https:\/\/www.interface-wien.at\/wp-content\/uploads\/2024\/01\/OeIF-Zertifizierung.png\" \/>\n\t<meta property=\"og:image:width\" content=\"1478\" \/>\n\t<meta property=\"og:image:height\" content=\"767\" \/>\n\t<meta property=\"og:image:type\" content=\"image\/png\" \/>\n<meta name=\"author\" content=\"Olivia\" \/>\n<meta name=\"twitter:card\" content=\"summary_large_image\" \/>\n<meta name=\"twitter:label1\" content=\"Written by\" \/>\n\t<meta name=\"twitter:data1\" content=\"Olivia\" \/>\n\t<meta name=\"twitter:label2\" content=\"Estimated reading time\" \/>\n\t<meta name=\"twitter:data2\" content=\"1 minute\" \/>\n<script type=\"application\/ld+json\" class=\"yoast-schema-graph\">{\"@context\":\"https:\/\/schema.org\",\"@graph\":[{\"@type\":\"Article\",\"@id\":\"https:\/\/www.interface-wien.at\/oeif-zertifizierung-bis-2027-verlaengert\/#article\",\"isPartOf\":{\"@id\":\"https:\/\/www.interface-wien.at\/oeif-zertifizierung-bis-2027-verlaengert\/\"},\"author\":{\"name\":\"Olivia\",\"@id\":\"https:\/\/www.interface-wien.at\/#\/schema\/person\/d987d37f225aa8264438a41fc04d8b6f\"},\"headline\":\"\u00d6IF-Zertifizierung bis 2027 verl\u00e4ngert\",\"datePublished\":\"2024-01-31T10:05:00+00:00\",\"dateModified\":\"2024-02-12T08:42:54+00:00\",\"mainEntityOfPage\":{\"@id\":\"https:\/\/www.interface-wien.at\/oeif-zertifizierung-bis-2027-verlaengert\/\"},\"wordCount\":97,\"publisher\":{\"@id\":\"https:\/\/www.interface-wien.at\/#organization\"},\"image\":{\"@id\":\"https:\/\/www.interface-wien.at\/oeif-zertifizierung-bis-2027-verlaengert\/#primaryimage\"},\"thumbnailUrl\":\"https:\/\/www.interface-wien.at\/wp-content\/uploads\/2024\/01\/OeIF-Zertifizierung.png\",\"articleSection\":[\"News\"],\"inLanguage\":\"en-GB\"},{\"@type\":\"WebPage\",\"@id\":\"https:\/\/www.interface-wien.at\/oeif-zertifizierung-bis-2027-verlaengert\/\",\"url\":\"https:\/\/www.interface-wien.at\/oeif-zertifizierung-bis-2027-verlaengert\/\",\"name\":\"\u00d6IF-Zertifizierung bis 2027 verl\u00e4ngert - Interface Wien\",\"isPartOf\":{\"@id\":\"https:\/\/www.interface-wien.at\/#website\"},\"primaryImageOfPage\":{\"@id\":\"https:\/\/www.interface-wien.at\/oeif-zertifizierung-bis-2027-verlaengert\/#primaryimage\"},\"image\":{\"@id\":\"https:\/\/www.interface-wien.at\/oeif-zertifizierung-bis-2027-verlaengert\/#primaryimage\"},\"thumbnailUrl\":\"https:\/\/www.interface-wien.at\/wp-content\/uploads\/2024\/01\/OeIF-Zertifizierung.png\",\"datePublished\":\"2024-01-31T10:05:00+00:00\",\"dateModified\":\"2024-02-12T08:42:54+00:00\",\"breadcrumb\":{\"@id\":\"https:\/\/www.interface-wien.at\/oeif-zertifizierung-bis-2027-verlaengert\/#breadcrumb\"},\"inLanguage\":\"en-GB\",\"potentialAction\":[{\"@type\":\"ReadAction\",\"target\":[\"https:\/\/www.interface-wien.at\/oeif-zertifizierung-bis-2027-verlaengert\/\"]}]},{\"@type\":\"ImageObject\",\"inLanguage\":\"en-GB\",\"@id\":\"https:\/\/www.interface-wien.at\/oeif-zertifizierung-bis-2027-verlaengert\/#primaryimage\",\"url\":\"https:\/\/www.interface-wien.at\/wp-content\/uploads\/2024\/01\/OeIF-Zertifizierung.png\",\"contentUrl\":\"https:\/\/www.interface-wien.at\/wp-content\/uploads\/2024\/01\/OeIF-Zertifizierung.png\",\"width\":1478,\"height\":767,\"caption\":\"Neue \u00d6IF-Zertifizierung f\u00fcr Interface Wien\"},{\"@type\":\"BreadcrumbList\",\"@id\":\"https:\/\/www.interface-wien.at\/oeif-zertifizierung-bis-2027-verlaengert\/#breadcrumb\",\"itemListElement\":[{\"@type\":\"ListItem\",\"position\":1,\"name\":\"Interface Wien\",\"item\":\"https:\/\/www.interface-wien.at\/\"},{\"@type\":\"ListItem\",\"position\":2,\"name\":\"\u00d6IF-Zertifizierung bis 2027 verl\u00e4ngert\"}]},{\"@type\":\"WebSite\",\"@id\":\"https:\/\/www.interface-wien.at\/#website\",\"url\":\"https:\/\/www.interface-wien.at\/\",\"name\":\"Interface Wien\",\"description\":\"Ankommen begleiten - Zukunft gestalten\",\"publisher\":{\"@id\":\"https:\/\/www.interface-wien.at\/#organization\"},\"potentialAction\":[{\"@type\":\"SearchAction\",\"target\":{\"@type\":\"EntryPoint\",\"urlTemplate\":\"https:\/\/www.interface-wien.at\/?s={search_term_string}\"},\"query-input\":{\"@type\":\"PropertyValueSpecification\",\"valueRequired\":true,\"valueName\":\"search_term_string\"}}],\"inLanguage\":\"en-GB\"},{\"@type\":\"Organization\",\"@id\":\"https:\/\/www.interface-wien.at\/#organization\",\"name\":\"Interface Wien\",\"url\":\"https:\/\/www.interface-wien.at\/\",\"logo\":{\"@type\":\"ImageObject\",\"inLanguage\":\"en-GB\",\"@id\":\"https:\/\/www.interface-wien.at\/#\/schema\/logo\/image\/\",\"url\":\"https:\/\/www.interface-wien.at\/wp-content\/uploads\/2023\/12\/InterfaceWien-Logo.svg\",\"contentUrl\":\"https:\/\/www.interface-wien.at\/wp-content\/uploads\/2023\/12\/InterfaceWien-Logo.svg\",\"width\":840,\"height\":252,\"caption\":\"Interface Wien\"},\"image\":{\"@id\":\"https:\/\/www.interface-wien.at\/#\/schema\/logo\/image\/\"}},{\"@type\":\"Person\",\"@id\":\"https:\/\/www.interface-wien.at\/#\/schema\/person\/d987d37f225aa8264438a41fc04d8b6f\",\"name\":\"Olivia\",\"url\":\"https:\/\/www.interface-wien.at\/en\/author\/olivia\/\"}]}<\/script>\n<!-- \/ Yoast SEO plugin. -->","yoast_head_json":{"title":"\u00d6IF-Zertifizierung bis 2027 verl\u00e4ngert - Interface Wien","robots":{"index":"index","follow":"follow","max-snippet":"max-snippet:-1","max-image-preview":"max-image-preview:large","max-video-preview":"max-video-preview:-1"},"canonical":"https:\/\/www.interface-wien.at\/en\/oeif-zertifizierung-bis-2027-verlaengert\/","og_locale":"en_GB","og_type":"article","og_title":"\u00d6IF-Zertifizierung bis 2027 verl\u00e4ngert - Interface Wien","og_description":"Soeben ist sie druckfrisch hereingeflattert: unsere neue \u00d6IF-Zertifizierung! So k\u00f6nnen wir auch weiterhin die hohe Qualit\u00e4t unserer Kurse gew\u00e4hrleisten und unsere Teilnehmer*innen bestm\u00f6glich auf die n\u00f6tigen Integrationspr\u00fcfungen vorbereiten!","og_url":"https:\/\/www.interface-wien.at\/en\/oeif-zertifizierung-bis-2027-verlaengert\/","og_site_name":"Interface Wien","article_published_time":"2024-01-31T10:05:00+00:00","article_modified_time":"2024-02-12T08:42:54+00:00","og_image":[{"width":1478,"height":767,"url":"https:\/\/www.interface-wien.at\/wp-content\/uploads\/2024\/01\/OeIF-Zertifizierung.png","type":"image\/png"}],"author":"Olivia","twitter_card":"summary_large_image","twitter_misc":{"Written by":"Olivia","Estimated reading time":"1 minute"},"schema":{"@context":"https:\/\/schema.org","@graph":[{"@type":"Article","@id":"https:\/\/www.interface-wien.at\/oeif-zertifizierung-bis-2027-verlaengert\/#article","isPartOf":{"@id":"https:\/\/www.interface-wien.at\/oeif-zertifizierung-bis-2027-verlaengert\/"},"author":{"name":"Olivia","@id":"https:\/\/www.interface-wien.at\/#\/schema\/person\/d987d37f225aa8264438a41fc04d8b6f"},"headline":"\u00d6IF-Zertifizierung bis 2027 verl\u00e4ngert","datePublished":"2024-01-31T10:05:00+00:00","dateModified":"2024-02-12T08:42:54+00:00","mainEntityOfPage":{"@id":"https:\/\/www.interface-wien.at\/oeif-zertifizierung-bis-2027-verlaengert\/"},"wordCount":97,"publisher":{"@id":"https:\/\/www.interface-wien.at\/#organization"},"image":{"@id":"https:\/\/www.interface-wien.at\/oeif-zertifizierung-bis-2027-verlaengert\/#primaryimage"},"thumbnailUrl":"https:\/\/www.interface-wien.at\/wp-content\/uploads\/2024\/01\/OeIF-Zertifizierung.png","articleSection":["News"],"inLanguage":"en-GB"},{"@type":"WebPage","@id":"https:\/\/www.interface-wien.at\/oeif-zertifizierung-bis-2027-verlaengert\/","url":"https:\/\/www.interface-wien.at\/oeif-zertifizierung-bis-2027-verlaengert\/","name":"\u00d6IF-Zertifizierung bis 2027 verl\u00e4ngert - Interface Wien","isPartOf":{"@id":"https:\/\/www.interface-wien.at\/#website"},"primaryImageOfPage":{"@id":"https:\/\/www.interface-wien.at\/oeif-zertifizierung-bis-2027-verlaengert\/#primaryimage"},"image":{"@id":"https:\/\/www.interface-wien.at\/oeif-zertifizierung-bis-2027-verlaengert\/#primaryimage"},"thumbnailUrl":"https:\/\/www.interface-wien.at\/wp-content\/uploads\/2024\/01\/OeIF-Zertifizierung.png","datePublished":"2024-01-31T10:05:00+00:00","dateModified":"2024-02-12T08:42:54+00:00","breadcrumb":{"@id":"https:\/\/www.interface-wien.at\/oeif-zertifizierung-bis-2027-verlaengert\/#breadcrumb"},"inLanguage":"en-GB","potentialAction":[{"@type":"ReadAction","target":["https:\/\/www.interface-wien.at\/oeif-zertifizierung-bis-2027-verlaengert\/"]}]},{"@type":"ImageObject","inLanguage":"en-GB","@id":"https:\/\/www.interface-wien.at\/oeif-zertifizierung-bis-2027-verlaengert\/#primaryimage","url":"https:\/\/www.interface-wien.at\/wp-content\/uploads\/2024\/01\/OeIF-Zertifizierung.png","contentUrl":"https:\/\/www.interface-wien.at\/wp-content\/uploads\/2024\/01\/OeIF-Zertifizierung.png","width":1478,"height":767,"caption":"Neue \u00d6IF-Zertifizierung f\u00fcr Interface Wien"},{"@type":"BreadcrumbList","@id":"https:\/\/www.interface-wien.at\/oeif-zertifizierung-bis-2027-verlaengert\/#breadcrumb","itemListElement":[{"@type":"ListItem","position":1,"name":"Interface Wien","item":"https:\/\/www.interface-wien.at\/"},{"@type":"ListItem","position":2,"name":"\u00d6IF-Zertifizierung bis 2027 verl\u00e4ngert"}]},{"@type":"WebSite","@id":"https:\/\/www.interface-wien.at\/#website","url":"https:\/\/www.interface-wien.at\/","name":"Interface Wien","description":"Accompany your arrival - shape the future","publisher":{"@id":"https:\/\/www.interface-wien.at\/#organization"},"potentialAction":[{"@type":"SearchAction","target":{"@type":"EntryPoint","urlTemplate":"https:\/\/www.interface-wien.at\/?s={search_term_string}"},"query-input":{"@type":"PropertyValueSpecification","valueRequired":true,"valueName":"search_term_string"}}],"inLanguage":"en-GB"},{"@type":"Organization","@id":"https:\/\/www.interface-wien.at\/#organization","name":"Interface Wien","url":"https:\/\/www.interface-wien.at\/","logo":{"@type":"ImageObject","inLanguage":"en-GB","@id":"https:\/\/www.interface-wien.at\/#\/schema\/logo\/image\/","url":"https:\/\/www.interface-wien.at\/wp-content\/uploads\/2023\/12\/InterfaceWien-Logo.svg","contentUrl":"https:\/\/www.interface-wien.at\/wp-content\/uploads\/2023\/12\/InterfaceWien-Logo.svg","width":840,"height":252,"caption":"Interface Wien"},"image":{"@id":"https:\/\/www.interface-wien.at\/#\/schema\/logo\/image\/"}},{"@type":"Person","@id":"https:\/\/www.interface-wien.at\/#\/schema\/person\/d987d37f225aa8264438a41fc04d8b6f","name":"Olivia","url":"https:\/\/www.interface-wien.at\/en\/author\/olivia\/"}]}},"_links":{"self":[{"href":"https:\/\/www.interface-wien.at\/en\/wp-json\/wp\/v2\/posts\/3838","targetHints":{"allow":["GET"]}}],"collection":[{"href":"https:\/\/www.interface-wien.at\/en\/wp-json\/wp\/v2\/posts"}],"about":[{"href":"https:\/\/www.interface-wien.at\/en\/wp-json\/wp\/v2\/types\/post"}],"author":[{"embeddable":true,"href":"https:\/\/www.interface-wien.at\/en\/wp-json\/wp\/v2\/users\/4"}],"replies":[{"embeddable":true,"href":"https:\/\/www.interface-wien.at\/en\/wp-json\/wp\/v2\/comments?post=3838"}],"version-history":[{"count":33,"href":"https:\/\/www.interface-wien.at\/en\/wp-json\/wp\/v2\/posts\/3838\/revisions"}],"predecessor-version":[{"id":7110,"href":"https:\/\/www.interface-wien.at\/en\/wp-json\/wp\/v2\/posts\/3838\/revisions\/7110"}],"wp:featuredmedia":[{"embeddable":true,"href":"https:\/\/www.interface-wien.at\/en\/wp-json\/wp\/v2\/media\/6317"}],"wp:attachment":[{"href":"https:\/\/www.interface-wien.at\/en\/wp-json\/wp\/v2\/media?parent=3838"}],"wp:term":[{"taxonomy":"category","embeddable":true,"href":"https:\/\/www.interface-wien.at\/en\/wp-json\/wp\/v2\/categories?post=3838"},{"taxonomy":"post_tag","embeddable":true,"href":"https:\/\/www.interface-wien.at\/en\/wp-json\/wp\/v2\/tags?post=3838"}],"curies":[{"name":"wp","href":"https:\/\/api.w.org\/{rel}","templated":true}]}}